{"id":543,"date":"2025-10-02T05:09:36","date_gmt":"2025-10-02T05:09:36","guid":{"rendered":"https:\/\/origin-of-cigar.com\/?p=543"},"modified":"2026-03-07T09:03:02","modified_gmt":"2026-03-07T09:03:02","slug":"historia-de-partagas","status":"publish","type":"post","link":"https:\/\/origin-of-cigar.com\/es\/partagas-geschichte\/","title":{"rendered":"Historia de Partag\u00e1s: el \u00e9xito \u00fanico de un icono de Habanos"},"content":{"rendered":"<p>Historia de Partag\u00e1s - Por qu\u00e9 la marca de puros sigue fascinando hoy en d\u00eda: Si te apasiona la historia de los Habanos, no hay <strong>Partag\u00e1s <\/strong>no hay vuelta de hoja. Fundada en 1845, Partag\u00e1s representa el car\u00e1cter, la continuidad y el puro cubano como casi ninguna otra marca. Detr\u00e1s de la marca hay un hombre cuya vida fue de todo menos sencilla: ambicioso, deseoso de experimentar, lleno de conflictos y, en \u00faltima instancia, ensombrecido por un crimen sin resolver. Es precisamente esta mezcla de genio, riesgo y mito lo que hace que la marca <strong>Historia de Partag\u00e1s<\/strong> tan irresistible.<\/p>\n\n\n\n<div style=\"height:35px\" aria-hidden=\"true\" class=\"wp-block-spacer\"><\/div>\n\n\n\n<div class=\"wp-block-rank-math-toc-block\" id=\"rank-math-toc\"><h2>\u00cdndice<\/h2><nav><ul><li class=\"\"><a href=\"#untertitel\">Los comienzos: Un joven conquista la Vuelta Abajo<\/a><\/li><li class=\"\"><a href=\"#innovation-als-triebfeder-fermentation-reife-und-kompromisslose-auswahl\">La innovaci\u00f3n como motor: fermentaci\u00f3n, madurez y selecci\u00f3n sin concesiones<\/a><\/li><li class=\"\"><a href=\"#immer-am-limit-marken-machtspiele-und-lange-schatten\">Afilados al l\u00edmite: marcas, juegos de poder y sombras alargadas<\/a><\/li><li class=\"\"><a href=\"#1868-mord-geruchte-und-der-beginn-einer-legende\">1868: Asesinato, rumores y el comienzo de una leyenda<\/a><\/li><li class=\"\"><a href=\"#ubergang-und-aufbruch-vom-sohn-zu-den-neuen-besitzern\">Transici\u00f3n y salida: del hijo a los nuevos propietarios<\/a><\/li><li class=\"\"><a href=\"#die-ara-cifuentes-qualitat-marke-momentum\">La era Cifuentes: calidad, marca, impulso<\/a><\/li><li class=\"\"><a href=\"#sturme-der-geschichte-und-partagas-bleibt\">Tormentas de la historia: Y Partag\u00e1s permanece<\/a><\/li><li class=\"\"><a href=\"#was-wir-heute-in-einer-partagas-schmecken\">Lo que probamos hoy en un Partag\u00e1s<\/a><\/li><li class=\"\"><a href=\"#fazit-ein-roman-in-rot-und-gold\">Conclusi\u00f3n: Una novela en rojo y oro<\/a><\/li><li class=\"\"><a href=\"#hier-findest-du-die-partagas-manufaktur\">Aqu\u00ed encontrar\u00e1 la f\u00e1brica Partag\u00e1s<\/a><\/li><li class=\"\"><a href=\"#ressourcen-zum-thema\">Curado para usted<\/a><\/li><li class=\"\"><a href=\"#historische-habanos-manufakturen-dokumentarfilm\">Documental sobre las f\u00e1bricas hist\u00f3ricas de Habanos<\/a><\/li><li class=\"\"><a href=\"#was-liegt-in-ihren-schubladen\">\u00bfQu\u00e9 hay en sus cajones?<\/a><\/li><li class=\"\"><a href=\"#neu-bei-kubanischen-zigarren-oder-tief-drin-\u2192-zu-den-haufigen-fragen-\u2192-zum-zigarren-glossar\">\u00bfEres nuevo en el mundo de los puros cubanos? \u00bfO est\u00e1s muy metido?<\/a><\/li><li class=\"\"><a href=\"#wer-steckt-hinter-origin-of-cigar\">\u00bfQui\u00e9n est\u00e1 detr\u00e1s de Origin Of Cigar?<\/a><\/li><li class=\"\"><a href=\"#partagas-foto-galerie\">Galer\u00eda de fotos de Partag\u00e1s<\/a><\/li><li class=\"\"><a href=\"#quellenangaben\">Referencias<\/a><\/li><\/ul><\/nav><\/div>\n\n\n\n<div style=\"height:35px\" aria-hidden=\"true\" class=\"wp-block-spacer\"><\/div>\n\n\n\n<h2 class=\"wp-block-heading\" id=\"untertitel\">Los comienzos: Un joven conquista la Vuelta Abajo<\/h2>\n\n\n\n<p>Jaime Partag\u00e1s y Rabell lleg\u00f3 a Cuba siendo un adolescente en 1831 y aprendi\u00f3 el oficio desde cero en la Vuelta Abajo. Trabaj\u00f3 en las plantaciones con los vegueros bajo un sol abrasador y bajo lluvias torrenciales. Acompa\u00f1\u00f3 los transportes de tabaco, que eran cualquier cosa menos seguros y f\u00e1ciles. Oli\u00f3 los fardos de hojas reci\u00e9n fermentadas y desarroll\u00f3 un agudo sentido del tabaco y su calidad. El aprendiz se convirti\u00f3 en un empresario que empez\u00f3 en un modesto chinchal y r\u00e1pidamente se hizo un fijo en el cosmos habanero.<\/p>\n\n\n\n<div style=\"height:35px\" aria-hidden=\"true\" class=\"wp-block-spacer\"><\/div>\n\n\n\n<figure class=\"wp-block-image size-full is-resized\"><img loading=\"lazy\" decoding=\"async\" width=\"742\" height=\"1000\" src=\"https:\/\/origin-of-cigar.com\/wp-content\/uploads\/2025\/10\/partagas_jaime_partagas_ravell.jpg\" alt=\"Historia de Partag\u00e1s. Marca de cigarros Partag\u00e1s Fundada en 1845.\" class=\"wp-image-789\" style=\"width:393px;height:auto\" srcset=\"https:\/\/origin-of-cigar.com\/wp-content\/uploads\/2025\/10\/partagas_jaime_partagas_ravell.jpg 742w, https:\/\/origin-of-cigar.com\/wp-content\/uploads\/2025\/10\/partagas_jaime_partagas_ravell-223x300.jpg 223w, https:\/\/origin-of-cigar.com\/wp-content\/uploads\/2025\/10\/partagas_jaime_partagas_ravell-9x12.jpg 9w, https:\/\/origin-of-cigar.com\/wp-content\/uploads\/2025\/10\/partagas_jaime_partagas_ravell-624x841.jpg 624w\" sizes=\"auto, (max-width: 742px) 100vw, 742px\" \/><\/figure>\n\n\n\n<div style=\"height:9px\" aria-hidden=\"true\" class=\"wp-block-spacer\"><\/div>\n\n\n\n<h5 class=\"wp-block-heading\" id=\"bildbeschreibung\">Don Jaime Partag\u00e1s: una de las personalidades m\u00e1s importantes de la industria del tabaco. Decidido, ambicioso, siempre dispuesto a triunfar, a veces sin escr\u00fapulos.<\/h5>\n\n\n\n<div style=\"height:35px\" aria-hidden=\"true\" class=\"wp-block-spacer\"><\/div>\n\n\n\n<h2 class=\"wp-block-heading\" id=\"innovation-als-triebfeder-fermentation-reife-und-kompromisslose-auswahl\">La innovaci\u00f3n como motor: fermentaci\u00f3n, madurez y selecci\u00f3n sin concesiones<\/h2>\n\n\n\n<p>Partag\u00e1s no era un administrador, sino un creador. Experiment\u00f3 con la fermentaci\u00f3n, observ\u00f3 pacientemente los ciclos de maduraci\u00f3n y seleccion\u00f3 sin concesiones los tabacos en funci\u00f3n de su calidad, no de su disponibilidad. El resultado: puros con estructura, profundidad y una firma que los entendidos siguen reconociendo hoy en d\u00eda: matices oscuros y especiados, amargos elegantes y un equilibrio asombroso. As\u00ed es como la historia de Partag\u00e1s se convirti\u00f3 desde el principio en una historia de artesan\u00eda y calidad.<\/p>\n\n\n\n<div style=\"height:35px\" aria-hidden=\"true\" class=\"wp-block-spacer\"><\/div>\n\n\n\n<figure class=\"wp-block-image size-full\"><img loading=\"lazy\" decoding=\"async\" width=\"1000\" height=\"743\" src=\"https:\/\/origin-of-cigar.com\/wp-content\/uploads\/2025\/10\/Partagas-Aussen-2003.jpg\" alt=\"La antigua f\u00e1brica de Partag\u00e1s, situada justo detr\u00e1s del Capitolio, en la calle Industria n\u00ba 520, antes n\u00ba 174 y 172. Aqu\u00ed se fabricaron los famosos puros Partag\u00e1s desde 1900 hasta 2011. Historia de Partag\u00e1s. Marca de cigarros Partag\u00e1s Fundada 1845.\" class=\"wp-image-824\" srcset=\"https:\/\/origin-of-cigar.com\/wp-content\/uploads\/2025\/10\/Partagas-Aussen-2003.jpg 1000w, https:\/\/origin-of-cigar.com\/wp-content\/uploads\/2025\/10\/Partagas-Aussen-2003-300x223.jpg 300w, https:\/\/origin-of-cigar.com\/wp-content\/uploads\/2025\/10\/Partagas-Aussen-2003-768x571.jpg 768w, https:\/\/origin-of-cigar.com\/wp-content\/uploads\/2025\/10\/Partagas-Aussen-2003-16x12.jpg 16w, https:\/\/origin-of-cigar.com\/wp-content\/uploads\/2025\/10\/Partagas-Aussen-2003-624x464.jpg 624w\" sizes=\"auto, (max-width: 1000px) 100vw, 1000px\" \/><\/figure>\n\n\n\n<div style=\"height:9px\" aria-hidden=\"true\" class=\"wp-block-spacer\"><\/div>\n\n\n\n<h5 class=\"wp-block-heading\" id=\"bildbeschreibung\">La antigua f\u00e1brica de Partag\u00e1s, situada justo detr\u00e1s del Capitolio, en la calle Industria n\u00ba 520, antes n\u00ba 174 y 172, donde se elaboraron los famosos puros Partag\u00e1s desde 1900 hasta 2011.<\/h5>\n\n\n\n<div style=\"height:35px\" aria-hidden=\"true\" class=\"wp-block-spacer\"><\/div>\n\n\n\n<h2 class=\"wp-block-heading\" id=\"immer-am-limit-marken-machtspiele-und-lange-schatten\">Afilados al l\u00edmite: marcas, juegos de poder y sombras alargadas<\/h2>\n\n\n\n<p>El \u00e9xito crea fricciones. Jaime operaba con mano dura en los negocios, lo que le creaba amigos y enemigos. Utiliz\u00f3 h\u00e1bil pero ilegalmente otra marca para vender sus propios puros. Las largas disputas legales convirtieron a un competidor en un ac\u00e9rrimo oponente.<\/p>\n\n\n\n<p>Entr\u00f3 en posesi\u00f3n de plantaciones de primera clase mediante modelos de cr\u00e9dito creativos. Los que no pod\u00edan pagar sus deudas negociaban los campos, a menudo a favor de Jaime. De este modo, consigui\u00f3 terrenos de primera clase en Vuelta Abajo, pero tambi\u00e9n resentimientos duraderos. Se movieron mojones, se envenenaron barrios. Incluso en privado, los amor\u00edos crearon una atm\u00f3sfera cargada.<\/p>\n\n\n\n<div style=\"height:35px\" aria-hidden=\"true\" class=\"wp-block-spacer\"><\/div>\n\n\n\n<figure class=\"wp-block-image size-full\"><img loading=\"lazy\" decoding=\"async\" width=\"1000\" height=\"664\" src=\"https:\/\/origin-of-cigar.com\/wp-content\/uploads\/2025\/10\/Partagas-Tabakfeld_NEU.jpg\" alt=\"Historia de Partag\u00e1s. Campo de tabaco.\" class=\"wp-image-804\" srcset=\"https:\/\/origin-of-cigar.com\/wp-content\/uploads\/2025\/10\/Partagas-Tabakfeld_NEU.jpg 1000w, https:\/\/origin-of-cigar.com\/wp-content\/uploads\/2025\/10\/Partagas-Tabakfeld_NEU-300x199.jpg 300w, https:\/\/origin-of-cigar.com\/wp-content\/uploads\/2025\/10\/Partagas-Tabakfeld_NEU-768x510.jpg 768w, https:\/\/origin-of-cigar.com\/wp-content\/uploads\/2025\/10\/Partagas-Tabakfeld_NEU-18x12.jpg 18w, https:\/\/origin-of-cigar.com\/wp-content\/uploads\/2025\/10\/Partagas-Tabakfeld_NEU-624x414.jpg 624w\" sizes=\"auto, (max-width: 1000px) 100vw, 1000px\" \/><\/figure>\n\n\n\n<div style=\"height:9px\" aria-hidden=\"true\" class=\"wp-block-spacer\"><\/div>\n\n\n\n<h5 class=\"wp-block-heading\" id=\"bildbeschreibung\">Jaime Partag\u00e1s pose\u00eda algunas de las mejores plantaciones de Vuelta Abajo y, por tanto, siempre ten\u00eda acceso al mejor tabaco.<\/h5>\n\n\n\n<div style=\"height:35px\" aria-hidden=\"true\" class=\"wp-block-spacer\"><\/div>\n\n\n\n<h2 class=\"wp-block-heading\" id=\"1868-mord-geruchte-und-der-beginn-einer-legende\">1868: Asesinato, rumores y el comienzo de una leyenda<\/h2>\n\n\n\n<p>Cuando Jaime Partag\u00e1s fue asesinado en 1868, el crimen qued\u00f3 sin resolver. Uno de los sospechosos muri\u00f3 en prisi\u00f3n y nunca se aclararon del todo los antecedentes. En la f\u00e1brica corr\u00edan rumores: los trabajadores afirmaban haber visto el fantasma de su patr\u00f3n. S\u00f3lo volv\u00edan a sus bancos de trabajo tras ser bendecidos por sacerdotes y una santera. Superstici\u00f3n o tratamiento psicol\u00f3gico: las personas y la marca se fundieron en la memoria cultural. La p\u00e1gina <strong>Historia de Partag\u00e1s<\/strong> adquiri\u00f3 un sabor m\u00edtico que a\u00fan hoy resuena.<\/p>\n\n\n\n<div style=\"height:35px\" aria-hidden=\"true\" class=\"wp-block-spacer\"><\/div>\n\n\n\n<figure class=\"wp-block-image size-full\"><img loading=\"lazy\" decoding=\"async\" width=\"1000\" height=\"750\" src=\"https:\/\/origin-of-cigar.com\/wp-content\/uploads\/2025\/10\/Partagas-Industria-160-und-158_NEU.jpg\" alt=\"Historia de Partag\u00e1s. Marca de cigarros Partag\u00e1s Fundada en 1845.\" class=\"wp-image-805\" srcset=\"https:\/\/origin-of-cigar.com\/wp-content\/uploads\/2025\/10\/Partagas-Industria-160-und-158_NEU.jpg 1000w, https:\/\/origin-of-cigar.com\/wp-content\/uploads\/2025\/10\/Partagas-Industria-160-und-158_NEU-300x225.jpg 300w, https:\/\/origin-of-cigar.com\/wp-content\/uploads\/2025\/10\/Partagas-Industria-160-und-158_NEU-768x576.jpg 768w, https:\/\/origin-of-cigar.com\/wp-content\/uploads\/2025\/10\/Partagas-Industria-160-und-158_NEU-16x12.jpg 16w, https:\/\/origin-of-cigar.com\/wp-content\/uploads\/2025\/10\/Partagas-Industria-160-und-158_NEU-624x468.jpg 624w\" sizes=\"auto, (max-width: 1000px) 100vw, 1000px\" \/><\/figure>\n\n\n\n<div style=\"height:9px\" aria-hidden=\"true\" class=\"wp-block-spacer\"><\/div>\n\n\n\n<h5 class=\"wp-block-heading\" id=\"bildbeschreibung\">Jaime Partag\u00e1s trabaj\u00f3 en el edificio de la izquierda, actual calle Industria n\u00ba 160. S\u00f3lo con sus sucesores la f\u00e1brica se traslad\u00f3 al hoy famoso edificio de la calle Industria n\u00ba 520.<\/h5>\n\n\n\n<div style=\"height:35px\" aria-hidden=\"true\" class=\"wp-block-spacer\"><\/div>\n\n\n\n<h2 class=\"wp-block-heading\" id=\"ubergang-und-aufbruch-vom-sohn-zu-den-neuen-besitzern\">Transici\u00f3n y salida: del hijo a los nuevos propietarios<\/h2>\n\n\n\n<p>Tras la muerte del fundador, su hijo Jos\u00e9 se hizo cargo de la empresa, pero carec\u00eda de la brillantez y la pulcritud de su padre. Los problemas financieros llevaron a la venta de la empresa al banquero Juan Antonio Bances. \u00c9ste estabiliz\u00f3 las estructuras y allan\u00f3 el camino al hombre que dirigir\u00eda la marca en el siglo XX: Ram\u00f3n Cifuentes.<\/p>\n\n\n\n<div style=\"height:35px\" aria-hidden=\"true\" class=\"wp-block-spacer\"><\/div>\n\n\n\n<figure class=\"wp-block-image size-full is-resized\"><img loading=\"lazy\" decoding=\"async\" width=\"707\" height=\"1000\" src=\"https:\/\/origin-of-cigar.com\/wp-content\/uploads\/2025\/10\/Partagas-Ind-160-Innen_NEU.jpg\" alt=\"Historia de Partag\u00e1s\" class=\"wp-image-806\" style=\"width:407px;height:auto\" srcset=\"https:\/\/origin-of-cigar.com\/wp-content\/uploads\/2025\/10\/Partagas-Ind-160-Innen_NEU.jpg 707w, https:\/\/origin-of-cigar.com\/wp-content\/uploads\/2025\/10\/Partagas-Ind-160-Innen_NEU-212x300.jpg 212w, https:\/\/origin-of-cigar.com\/wp-content\/uploads\/2025\/10\/Partagas-Ind-160-Innen_NEU-8x12.jpg 8w, https:\/\/origin-of-cigar.com\/wp-content\/uploads\/2025\/10\/Partagas-Ind-160-Innen_NEU-624x883.jpg 624w\" sizes=\"auto, (max-width: 707px) 100vw, 707px\" \/><\/figure>\n\n\n\n<div style=\"height:9px\" aria-hidden=\"true\" class=\"wp-block-spacer\"><\/div>\n\n\n\n<h5 class=\"wp-block-heading\" id=\"bildbeschreibung\">Aqu\u00ed, en esta casa, se dice que el esp\u00edritu inquieto del patr\u00f3n Jaime Partag\u00e1s caus\u00f3 estragos tras su muerte. Un sacerdote cat\u00f3lico y una santera consiguieron ahuyentarlo con su fuerza y fe combinadas.<\/h5>\n\n\n\n<div style=\"height:35px\" aria-hidden=\"true\" class=\"wp-block-spacer\"><\/div>\n\n\n\n<h2 class=\"wp-block-heading\" id=\"die-ara-cifuentes-qualitat-marke-momentum\">La era Cifuentes: calidad, marca, impulso<\/h2>\n\n\n\n<p>Desde 1899, la familia Cifuentes forj\u00f3 el futuro: una estricta selecci\u00f3n del tabaco, un pensamiento de calidad sin concesiones y una estructura de marca que marc\u00f3 pautas en La Habana. El legendario Partag\u00e1s ABC profesionaliz\u00f3 la comunicaci\u00f3n y el comercio; al mismo tiempo, creci\u00f3 una cartera que, adem\u00e1s de Partag\u00e1s, inclu\u00eda nombres ilustres como Ram\u00f3n Allones y Bol\u00edvar. En tiempos de crisis -desde las guerras hasta la crisis econ\u00f3mica mundial- la empresa mantuvo el rumbo: no con volumen, sino con sustancia. El secreto declarado del \u00e9xito: una clara firma sensorial que orientaba la producci\u00f3n y daba confianza a los clientes de todo el mundo.<\/p>\n\n\n\n<div style=\"height:35px\" aria-hidden=\"true\" class=\"wp-block-spacer\"><\/div>\n\n\n\n<figure class=\"wp-block-image size-full\"><img loading=\"lazy\" decoding=\"async\" width=\"1000\" height=\"649\" src=\"https:\/\/origin-of-cigar.com\/wp-content\/uploads\/2025\/10\/Partagas-Capitol-mit-Fabrik_NEU.jpg\" alt=\"Historia de Partag\u00e1s\" class=\"wp-image-807\" srcset=\"https:\/\/origin-of-cigar.com\/wp-content\/uploads\/2025\/10\/Partagas-Capitol-mit-Fabrik_NEU.jpg 1000w, https:\/\/origin-of-cigar.com\/wp-content\/uploads\/2025\/10\/Partagas-Capitol-mit-Fabrik_NEU-300x195.jpg 300w, https:\/\/origin-of-cigar.com\/wp-content\/uploads\/2025\/10\/Partagas-Capitol-mit-Fabrik_NEU-768x498.jpg 768w, https:\/\/origin-of-cigar.com\/wp-content\/uploads\/2025\/10\/Partagas-Capitol-mit-Fabrik_NEU-18x12.jpg 18w, https:\/\/origin-of-cigar.com\/wp-content\/uploads\/2025\/10\/Partagas-Capitol-mit-Fabrik_NEU-624x405.jpg 624w\" sizes=\"auto, (max-width: 1000px) 100vw, 1000px\" \/><\/figure>\n\n\n\n<div style=\"height:9px\" aria-hidden=\"true\" class=\"wp-block-spacer\"><\/div>\n\n\n\n<h5 class=\"wp-block-heading\" id=\"bildbeschreibung\">La antigua f\u00e1brica de Partag\u00e1s se encuentra justo detr\u00e1s del Capitolio, un lugar emblem\u00e1tico del tabaco. Actualmente en obras, este edificio albergar\u00e1 un museo del tabaco y los puros.<\/h5>\n\n\n\n<div style=\"height:35px\" aria-hidden=\"true\" class=\"wp-block-spacer\"><\/div>\n\n\n\n<h2 class=\"wp-block-heading\" id=\"sturme-der-geschichte-und-partagas-bleibt\">Tormentas de la historia: Y Partag\u00e1s permanece<\/h2>\n\n\n\n<p>Cuba experiment\u00f3 convulsiones pol\u00edticas, fluctuaciones econ\u00f3micas y, finalmente, la revoluci\u00f3n de 1959. La nacionalizaci\u00f3n cambi\u00f3 radicalmente el panorama de la propiedad y la familia Cifuentes abandon\u00f3 la isla. Sin embargo, la esencia de la marca -conocimiento, experiencia y artesan\u00eda- permaneci\u00f3 en manos de los torcedores, ligadores y jefes de galera. Por eso, la historia de Partag\u00e1s es tambi\u00e9n una lecci\u00f3n de resiliencia: si la artesan\u00eda es la adecuada, los puros conservan su car\u00e1cter, aunque cambie el mundo que los rodea.<\/p>\n\n\n\n<div style=\"height:35px\" aria-hidden=\"true\" class=\"wp-block-spacer\"><\/div>\n\n\n\n<figure class=\"wp-block-image size-full is-resized\"><img loading=\"lazy\" decoding=\"async\" width=\"665\" height=\"1000\" src=\"https:\/\/origin-of-cigar.com\/wp-content\/uploads\/2025\/10\/Partagas-Patio.jpg\" alt=\"Historia de Partag\u00e1s\" class=\"wp-image-808\" style=\"width:429px;height:auto\" srcset=\"https:\/\/origin-of-cigar.com\/wp-content\/uploads\/2025\/10\/Partagas-Patio.jpg 665w, https:\/\/origin-of-cigar.com\/wp-content\/uploads\/2025\/10\/Partagas-Patio-200x300.jpg 200w, https:\/\/origin-of-cigar.com\/wp-content\/uploads\/2025\/10\/Partagas-Patio-8x12.jpg 8w, https:\/\/origin-of-cigar.com\/wp-content\/uploads\/2025\/10\/Partagas-Patio-624x938.jpg 624w\" sizes=\"auto, (max-width: 665px) 100vw, 665px\" \/><\/figure>\n\n\n\n<div style=\"height:9px\" aria-hidden=\"true\" class=\"wp-block-spacer\"><\/div>\n\n\n\n<h5 class=\"wp-block-heading\" id=\"bildbeschreibung\">Una mirada al patio de la famosa f\u00e1brica Partag\u00e1s: torcedores y muchas otras manos trabajadoras laboran incansablemente en cuatro plantas para producir los mundialmente famosos puros Partag\u00e1s.<\/h5>\n\n\n\n<div style=\"height:35px\" aria-hidden=\"true\" class=\"wp-block-spacer\"><\/div>\n\n\n\n<h2 class=\"wp-block-heading\" id=\"was-wir-heute-in-einer-partagas-schmecken\">Lo que probamos hoy en un Partag\u00e1s<\/h2>\n\n\n\n<p>Cuando hoy enciendes un Partag\u00e1s, experimentas la suma destilada de casi dos siglos: el picante oscuro de los buenos tabacos de Vuelta Abajo, las finas notas de madera y cacao, un toque de cuero, ocasionales picos florales, siempre llevados por una fuerza tranquila. Esta mezcla de profundidad y disciplina, dramatismo y fuerza, es precisamente lo que ha elevado a la marca a la categor\u00eda de icono. La historia de Partag\u00e1s es, por tanto, algo m\u00e1s que historia: es identidad vivida en humo.<\/p>\n\n\n\n<div style=\"height:35px\" aria-hidden=\"true\" class=\"wp-block-spacer\"><\/div>\n\n\n\n<figure class=\"wp-block-image size-full is-resized\"><img loading=\"lazy\" decoding=\"async\" width=\"750\" height=\"1000\" src=\"https:\/\/origin-of-cigar.com\/wp-content\/uploads\/2025\/10\/Partagas-Eingang-Casa.jpg\" alt=\"Esta es la puerta de entrada a la \u201eCasa del Habano\u201c. Se encuentra inmediatamente a mano derecha cuando se entra desde el exterior. Historia de Partag\u00e1s\" class=\"wp-image-798\" style=\"width:417px;height:auto\" srcset=\"https:\/\/origin-of-cigar.com\/wp-content\/uploads\/2025\/10\/Partagas-Eingang-Casa.jpg 750w, https:\/\/origin-of-cigar.com\/wp-content\/uploads\/2025\/10\/Partagas-Eingang-Casa-225x300.jpg 225w, https:\/\/origin-of-cigar.com\/wp-content\/uploads\/2025\/10\/Partagas-Eingang-Casa-9x12.jpg 9w, https:\/\/origin-of-cigar.com\/wp-content\/uploads\/2025\/10\/Partagas-Eingang-Casa-624x832.jpg 624w\" sizes=\"auto, (max-width: 750px) 100vw, 750px\" \/><\/figure>\n\n\n\n<div style=\"height:9px\" aria-hidden=\"true\" class=\"wp-block-spacer\"><\/div>\n\n\n\n<h5 class=\"wp-block-heading\" id=\"bildbeschreibung\">Durante d\u00e9cadas, la \u201cCasa del Habano Partag\u00e1s\u201c, en la antigua f\u00e1brica, fue uno de los lugares preferidos por muchos amantes de los puros para comprar Habanos. La \u201eCasa\u201c se traslad\u00f3 hace unos a\u00f1os.<\/h5>\n\n\n\n<div style=\"height:35px\" aria-hidden=\"true\" class=\"wp-block-spacer\"><\/div>\n\n\n\n<h2 class=\"wp-block-heading\" id=\"fazit-ein-roman-in-rot-und-gold\">Conclusi\u00f3n: Una novela en rojo y oro<\/h2>\n\n\n\n<p>Partag\u00e1s no es un cap\u00edtulo, sino una novela: con hero\u00edsmo y errores, con platos y rumores, con p\u00e9rdidas y perseverancia. Quiz\u00e1 ah\u00ed radique la magia: puros que saben a pasado sin ser viejos. Puros que mantienen su l\u00ednea precisamente porque han dado muchas vueltas. Para los aficionados, esto significa fiabilidad, y para los curiosos, una experiencia prometida: quien fuma el primer Partag\u00e1s comprende conscientemente por qu\u00e9 la historia de Partag\u00e1s debe seguir cont\u00e1ndose hoy.<\/p>\n\n\n\n<div style=\"height:35px\" aria-hidden=\"true\" class=\"wp-block-spacer\"><\/div>\n\n\n\n<figure class=\"wp-block-image size-full\"><img loading=\"lazy\" decoding=\"async\" width=\"1000\" height=\"750\" src=\"https:\/\/origin-of-cigar.com\/wp-content\/uploads\/2025\/10\/Partagas-Schild-mit-Capitol_NEU.jpg\" alt=\"Historia de Partag\u00e1s\" class=\"wp-image-811\" srcset=\"https:\/\/origin-of-cigar.com\/wp-content\/uploads\/2025\/10\/Partagas-Schild-mit-Capitol_NEU.jpg 1000w, https:\/\/origin-of-cigar.com\/wp-content\/uploads\/2025\/10\/Partagas-Schild-mit-Capitol_NEU-300x225.jpg 300w, https:\/\/origin-of-cigar.com\/wp-content\/uploads\/2025\/10\/Partagas-Schild-mit-Capitol_NEU-768x576.jpg 768w, https:\/\/origin-of-cigar.com\/wp-content\/uploads\/2025\/10\/Partagas-Schild-mit-Capitol_NEU-16x12.jpg 16w, https:\/\/origin-of-cigar.com\/wp-content\/uploads\/2025\/10\/Partagas-Schild-mit-Capitol_NEU-624x468.jpg 624w\" sizes=\"auto, (max-width: 1000px) 100vw, 1000px\" \/><\/figure>\n\n\n\n<div style=\"height:9px\" aria-hidden=\"true\" class=\"wp-block-spacer\"><\/div>\n\n\n\n<h5 class=\"wp-block-heading\" id=\"bildbeschreibung\">Este letrero colg\u00f3 de la fachada de la f\u00e1brica Partag\u00e1s durante mucho tiempo. La actual f\u00e1brica de Partag\u00e1s se encuentra en la calle San Carlos, en el barrio de Centro Habana.<\/h5>\n\n\n\n<div style=\"height:35px\" aria-hidden=\"true\" class=\"wp-block-spacer\"><\/div>\n\n\n\n<h2 class=\"wp-block-heading\" id=\"hier-findest-du-die-partagas-manufaktur\">Aqu\u00ed encontrar\u00e1 la f\u00e1brica Partag\u00e1s<\/h2>\n\n\n\n<p>Si la carpeta en vivo no funciona, <a href=\"https:\/\/maps.app.goo.gl\/mapcnuJ6tg9RQu1RA\" target=\"_blank\" rel=\"noopener\">Haga clic aqu\u00ed para acceder a la f\u00e1brica de Partag\u00e1s.<\/a><\/p>\n\n\n\n<div style=\"height:35px\" aria-hidden=\"true\" class=\"wp-block-spacer\"><\/div>\n\n\n\n<iframe src=\"https:\/\/www.google.com\/maps\/embed?pb=!1m16!1m12!1m3!1d869.0869892003026!2d-82.36984036072741!3d23.12908580461775!2m3!1f0!2f0!3f0!3m2!1i1024!2i768!4f13.1!2m1!1sPartagas%20Factory%20Havana%20Cuba!5e1!3m2!1sde!2sch!4v1766395259425!5m2!1sde!2sch\" width=\"600\" height=\"450\" style=\"border:0;\" allowfullscreen=\"\" loading=\"lazy\" referrerpolicy=\"no-referrer-when-downgrade\"><\/iframe>\n\n\n\n<div style=\"height:35px\" aria-hidden=\"true\" class=\"wp-block-spacer\"><\/div>\n\n\n\n<h3 class=\"wp-block-heading\" id=\"bildnachweis\">Cr\u00e9ditos de las im\u00e1genes<\/h3>\n\n\n\n<ul class=\"wp-block-list\">\n<li>Retrato de Jaime Partag\u00e1s: Wikipedia<\/li>\n\n\n\n<li>Claudia Puszkar<\/li>\n<\/ul>\n\n\n\n<h2 class=\"wp-block-heading\" id=\"ressourcen-zum-thema\">Curado para usted<\/h2>\n\n\n\n<p><strong>Sitio web externo:<\/strong> <a href=\"#\">Retrato de Jaime Partag\u00e1s: <\/a><a href=\"https:\/\/es.wikipedia.org\/wiki\/Jaime_Partag\u00e1s_y_Ravell\" target=\"_blank\" rel=\"noopener\">Wikipedia<\/a><\/p>\n\n\n\n<h2 class=\"wp-block-heading\">Documental sobre las f\u00e1bricas hist\u00f3ricas de Habanos<\/h2>\n\n\n\n<p>En esta pel\u00edcula, sus historias -y sus verdaderos rostros- se revelan sin concesiones. Es mucho m\u00e1s que un documental: es un viaje al alma de Cuba.&nbsp;<\/p>\n\n\n\n<figure class=\"wp-block-image size-full is-style-default\"><a href=\"https:\/\/origin-of-cigar.com\/es\/fabricas-historicas-de-habanos\/\"><img loading=\"lazy\" decoding=\"async\" width=\"1000\" height=\"563\" src=\"https:\/\/origin-of-cigar.com\/wp-content\/uploads\/2025\/11\/Habanos-Manufakturen-Cover-Film-2023.jpg\" alt=\"\" class=\"wp-image-1520\" srcset=\"https:\/\/origin-of-cigar.com\/wp-content\/uploads\/2025\/11\/Habanos-Manufakturen-Cover-Film-2023.jpg 1000w, https:\/\/origin-of-cigar.com\/wp-content\/uploads\/2025\/11\/Habanos-Manufakturen-Cover-Film-2023-300x169.jpg 300w, https:\/\/origin-of-cigar.com\/wp-content\/uploads\/2025\/11\/Habanos-Manufakturen-Cover-Film-2023-768x432.jpg 768w, https:\/\/origin-of-cigar.com\/wp-content\/uploads\/2025\/11\/Habanos-Manufakturen-Cover-Film-2023-18x10.jpg 18w, https:\/\/origin-of-cigar.com\/wp-content\/uploads\/2025\/11\/Habanos-Manufakturen-Cover-Film-2023-624x351.jpg 624w\" sizes=\"auto, (max-width: 1000px) 100vw, 1000px\" \/><\/a><\/figure>\n\n\n\n<div style=\"height:40px\" aria-hidden=\"true\" class=\"wp-block-spacer\"><\/div>\n\n\n\n<h2 class=\"wp-block-heading\">\u00bfQu\u00e9 hay en sus cajones?<\/h2>\n\n\n\n<p>Algunos cap\u00edtulos de la historia de los puros siguen en <strong>escondidos en cajones, archivos o colecciones privadas<\/strong>. \u00bfEs usted propietario de <strong>Registros, documentos o referencias a marcas de cigarros cubanos<\/strong>? \u00bfO sabe usted <strong>Fuentes<\/strong>, que pueda ayudar en la investigaci\u00f3n hist\u00f3rica? Env\u00edenos un correo electr\u00f3nico. <strong>Claudia Puszkar<\/strong> se pondr\u00e1 en contacto contigo personalmente y hablaremos de todo lo dem\u00e1s. Juntos podremos <strong>Sacar a la luz historias enterradas<\/strong>. \ud83d\udc49 <strong>admin@origin-of-cigar.com<\/strong><\/p>\n\n\n\n<h2 class=\"wp-block-heading\" id=\"neu-bei-kubanischen-zigarren-oder-tief-drin-\u2192-zu-den-haufigen-fragen-\u2192-zum-zigarren-glossar\">\u00bfEres nuevo en el mundo de los puros cubanos? \u00bfO est\u00e1s muy metido?<\/h2>\n\n\n\n<p><a href=\"https:\/\/origin-of-cigar.com\/es\/faq-puros-cubanos\/\" data-type=\"page\" data-id=\"912\">FAQ - Lea las preguntas m\u00e1s frecuentes<\/a><\/p>\n\n\n\n<p><a href=\"https:\/\/origin-of-cigar.com\/es\/glosario-de-puros-cubanos\/\">Abrir el glosario de puros cubanos<\/a><\/p>\n\n\n\n<h2 class=\"wp-block-heading\" id=\"wer-steckt-hinter-origin-of-cigar\">\u00bfQui\u00e9n est\u00e1 detr\u00e1s de Origin Of Cigar?<\/h2>\n\n\n\n<p>Qui\u00e9nes somos y c\u00f3mo puedes ponerte en contacto con nosotros \u2192 <a href=\"https:\/\/origin-of-cigar.com\/es\/pongase-en-contacto-con\/\" data-type=\"page\" data-id=\"90\">Haga clic aqu\u00ed<\/a><\/p>\n\n\n\n<h2 class=\"wp-block-heading\" id=\"partagas-foto-galerie\">Galer\u00eda de fotos de Partag\u00e1s<\/h2>\n\n\n\n<p>Si no ves la galer\u00eda de fotos, <a href=\"https:\/\/origin-of-cigar.com\/es\/fotos-partagas\/\">haga clic aqu\u00ed para ver la galer\u00eda de fotos de Partag\u00e1s<\/a><\/p>\n\n\n\n<div style=\"height:35px\" aria-hidden=\"true\" class=\"wp-block-spacer\"><\/div>\n\n\n<style type=\"text\/css\">\n#foogallery-gallery-840.fg-masonry { --fg-gutter: 10px; }<\/style>\n\t\t\t<div class=\"foogallery foogallery-container foogallery-masonry foogallery-lightbox-foogallery fg-center fg-masonry fg-ready fg-dark fg-border-thin fg-shadow-small fg-loading-default fg-loaded-fade-in fg-hover-scale fg-captions-bottom fg-hover-fade fg-hover-zoom2 fg-light-overlays fg-col2\" id=\"foogallery-gallery-840\" data-foogallery=\"{&quot;item&quot;:{&quot;showCaptionTitle&quot;:true,&quot;showCaptionDescription&quot;:true},&quot;lazy&quot;:true}\" data-foogallery-lightbox=\"{&quot;thumbs&quot;:&quot;bottom&quot;,&quot;thumbsCaptions&quot;:false,&quot;thumbsBestFit&quot;:false,&quot;thumbsSmall&quot;:false,&quot;thumbsCaptionsAlign&quot;:&quot;default&quot;,&quot;info&quot;:&quot;bottom&quot;,&quot;infoVisible&quot;:true,&quot;infoOverlay&quot;:true,&quot;infoAlign&quot;:&quot;center&quot;,&quot;transition&quot;:&quot;fade&quot;,&quot;hoverButtons&quot;:false,&quot;fitMedia&quot;:false,&quot;noScrollbars&quot;:true,&quot;preserveButtonSpace&quot;:true,&quot;buttons&quot;:{&quot;fullscreen&quot;:true,&quot;info&quot;:true,&quot;thumbs&quot;:false},&quot;video&quot;:{&quot;autoPlay&quot;:true}}\" style=\"--fg-title-line-clamp: 0; --fg-description-line-clamp: 0;\" >\n\t\t<div class=\"fg-column-width\"><\/div>\n\t<div class=\"fg-gutter-width\"><\/div>\n\t\t<div class=\"fg-item fg-type-image fg-idle\"><figure class=\"fg-item-inner\"><a href=\"https:\/\/origin-of-cigar.com\/wp-content\/uploads\/2025\/10\/Partagas-Aussen-2006.jpg\" data-caption-desc=\"Die Partag\u00e1s-Manufaktur im Wandel der Zeit: 2006. Diese Fabrik kennen sehr viele Habanos-Liebhaber.\" data-attachment-id=\"790\" data-type=\"image\" class=\"fg-thumb\"><span class=\"fg-image-wrap\"><img decoding=\"async\" alt=\"La f\u00e1brica Partag\u00e1s a trav\u00e9s de los tiempos: 2006. Muchos amantes del Habano conocen esta f\u00e1brica.\" width=\"250\" height=\"183\" class=\"skip-lazy fg-image\" data-src-fg=\"https:\/\/origin-of-cigar.com\/wp-content\/uploads\/cache\/2025\/10\/Partagas-Aussen-2006\/3269018348.jpg\" src=\"data:image\/svg+xml,%3Csvg%20xmlns%3D%22http%3A%2F%2Fwww.w3.org%2F2000%2Fsvg%22%20width%3D%22250%22%20height%3D%22183%22%20viewBox%3D%220%200%20250%20183%22%3E%3C%2Fsvg%3E\" loading=\"eager\"><\/span><span class=\"fg-image-overlay\"><\/span><\/a><figcaption class=\"fg-caption\"><div class=\"fg-caption-inner\"><div class=\"fg-caption-desc\">La f\u00e1brica Partag\u00e1s a trav\u00e9s de los tiempos: 2006. Muchos amantes del Habano conocen esta f\u00e1brica.<\/div><\/div><\/figcaption><\/figure><div class=\"fg-loader\"><\/div><\/div><div class=\"fg-item fg-type-image fg-idle\"><figure class=\"fg-item-inner\"><a href=\"https:\/\/origin-of-cigar.com\/wp-content\/uploads\/2025\/10\/Partagas-Aussen-2007.jpg\" data-caption-desc=\"Die Partag\u00e1s-Manufaktur im Wandel der Zeit: 2007. Zu dieser Zeit war sowohl die Manufaktur also auch die Casa noch in Betrieb.\" data-attachment-id=\"792\" data-type=\"image\" class=\"fg-thumb\"><span class=\"fg-image-wrap\"><img decoding=\"async\" alt=\"La f\u00e1brica de Partag\u00e1s a trav\u00e9s de los tiempos: 2007, cuando tanto la f\u00e1brica como la Casa a\u00fan estaban en funcionamiento.\" width=\"250\" height=\"188\" class=\"skip-lazy fg-image\" data-src-fg=\"https:\/\/origin-of-cigar.com\/wp-content\/uploads\/cache\/2025\/10\/Partagas-Aussen-2007\/3278060090.jpg\" src=\"data:image\/svg+xml,%3Csvg%20xmlns%3D%22http%3A%2F%2Fwww.w3.org%2F2000%2Fsvg%22%20width%3D%22250%22%20height%3D%22188%22%20viewBox%3D%220%200%20250%20188%22%3E%3C%2Fsvg%3E\" loading=\"eager\"><\/span><span class=\"fg-image-overlay\"><\/span><\/a><figcaption class=\"fg-caption\"><div class=\"fg-caption-inner\"><div class=\"fg-caption-desc\">La f\u00e1brica de Partag\u00e1s a trav\u00e9s de los tiempos: 2007, cuando tanto la f\u00e1brica como la Casa a\u00fan estaban en funcionamiento.<\/div><\/div><\/figcaption><\/figure><div class=\"fg-loader\"><\/div><\/div><div class=\"fg-item fg-type-image fg-idle\"><figure class=\"fg-item-inner\"><a href=\"https:\/\/origin-of-cigar.com\/wp-content\/uploads\/2025\/10\/Partagas-Aussen-2007-hoch.jpg\" data-caption-desc=\"Die Partag\u00e1s-Manufaktur im Wandel der Zeit: 2007\" data-attachment-id=\"791\" data-type=\"image\" class=\"fg-thumb\"><span class=\"fg-image-wrap\"><img decoding=\"async\" alt=\"La f\u00e1brica de Partag\u00e1s a trav\u00e9s de los tiempos: 2007\" width=\"250\" height=\"185\" class=\"skip-lazy fg-image\" data-src-fg=\"https:\/\/origin-of-cigar.com\/wp-content\/uploads\/cache\/2025\/10\/Partagas-Aussen-2007-hoch\/1892951607.jpg\" src=\"data:image\/svg+xml,%3Csvg%20xmlns%3D%22http%3A%2F%2Fwww.w3.org%2F2000%2Fsvg%22%20width%3D%22250%22%20height%3D%22185%22%20viewBox%3D%220%200%20250%20185%22%3E%3C%2Fsvg%3E\" loading=\"eager\"><\/span><span class=\"fg-image-overlay\"><\/span><\/a><figcaption class=\"fg-caption\"><div class=\"fg-caption-inner\"><div class=\"fg-caption-desc\">La f\u00e1brica de Partag\u00e1s a trav\u00e9s de los tiempos: 2007<\/div><\/div><\/figcaption><\/figure><div class=\"fg-loader\"><\/div><\/div><div class=\"fg-item fg-type-image fg-idle\"><figure class=\"fg-item-inner\"><a href=\"https:\/\/origin-of-cigar.com\/wp-content\/uploads\/2025\/10\/Partagas-Aussen-2010.jpg\" data-caption-desc=\"Die Partag\u00e1s-Manufaktur im Wandel der Zeit: 2010. In diesem Jahr war die Manufaktur noch in Betrieb, bis 2011.\" data-attachment-id=\"793\" data-type=\"image\" class=\"fg-thumb\"><span class=\"fg-image-wrap\"><img fetchpriority=\"high\" decoding=\"async\" alt=\"La f\u00e1brica de Partag\u00e1s a trav\u00e9s de los tiempos: 2010, a\u00f1o en que la f\u00e1brica sigui\u00f3 en funcionamiento hasta 2011.\" width=\"250\" height=\"333\" class=\"skip-lazy fg-image\" data-src-fg=\"https:\/\/origin-of-cigar.com\/wp-content\/uploads\/cache\/2025\/10\/Partagas-Aussen-2010\/3092585284.jpg\" src=\"data:image\/svg+xml,%3Csvg%20xmlns%3D%22http%3A%2F%2Fwww.w3.org%2F2000%2Fsvg%22%20width%3D%22250%22%20height%3D%22333%22%20viewBox%3D%220%200%20250%20333%22%3E%3C%2Fsvg%3E\" loading=\"eager\"><\/span><span class=\"fg-image-overlay\"><\/span><\/a><figcaption class=\"fg-caption\"><div class=\"fg-caption-inner\"><div class=\"fg-caption-desc\">La f\u00e1brica de Partag\u00e1s a trav\u00e9s de los tiempos: 2010, a\u00f1o en que la f\u00e1brica sigui\u00f3 en funcionamiento hasta 2011.<\/div><\/div><\/figcaption><\/figure><div class=\"fg-loader\"><\/div><\/div><div class=\"fg-item fg-type-image fg-idle\"><figure class=\"fg-item-inner\"><a href=\"https:\/\/origin-of-cigar.com\/wp-content\/uploads\/2025\/10\/Partagas-Aussen-2022.jpg\" data-caption-desc=\"Die Partag\u00e1s-Manufaktur im Wandel der Zeit: 2022. Was f\u00fcr ein Unterschied zu den Jahren zuvor. Die N\u00e4he zum Meer ist der Killer jeder Hausfassade.\" data-attachment-id=\"794\" data-type=\"image\" class=\"fg-thumb\"><span class=\"fg-image-wrap\"><img decoding=\"async\" alt=\"La f\u00e1brica de Partag\u00e1s a trav\u00e9s de los tiempos: 2022 - qu\u00e9 diferencia con los a\u00f1os anteriores. La proximidad al mar es la asesina de todas las fachadas de las casas.\" width=\"250\" height=\"333\" class=\"skip-lazy fg-image\" data-src-fg=\"https:\/\/origin-of-cigar.com\/wp-content\/uploads\/cache\/2025\/10\/Partagas-Aussen-2022\/691311169.jpg\" src=\"data:image\/svg+xml,%3Csvg%20xmlns%3D%22http%3A%2F%2Fwww.w3.org%2F2000%2Fsvg%22%20width%3D%22250%22%20height%3D%22333%22%20viewBox%3D%220%200%20250%20333%22%3E%3C%2Fsvg%3E\" loading=\"eager\"><\/span><span class=\"fg-image-overlay\"><\/span><\/a><figcaption class=\"fg-caption\"><div class=\"fg-caption-inner\"><div class=\"fg-caption-desc\">La f\u00e1brica de Partag\u00e1s a trav\u00e9s de los tiempos: 2022 - qu\u00e9 diferencia con los a\u00f1os anteriores. La proximidad al mar es la asesina de todas las fachadas de las casas.<\/div><\/div><\/figcaption><\/figure><div class=\"fg-loader\"><\/div><\/div><div class=\"fg-item fg-type-image fg-idle\"><figure class=\"fg-item-inner\"><a href=\"https:\/\/origin-of-cigar.com\/wp-content\/uploads\/2025\/10\/Partagas-Aussen-Eingang.jpg\" data-caption-desc=\"Der Eingang zur Fabrik und zur \u201eCasa del Habano\u201c war immer leicht zu finden.\" data-attachment-id=\"795\" data-type=\"image\" class=\"fg-thumb\"><span class=\"fg-image-wrap\"><img decoding=\"async\" alt=\"La entrada a la f\u00e1brica y a la \u201eCasa del Habano\u201c fue siempre f\u00e1cil de encontrar.\" width=\"250\" height=\"218\" class=\"skip-lazy fg-image\" data-src-fg=\"https:\/\/origin-of-cigar.com\/wp-content\/uploads\/cache\/2025\/10\/Partagas-Aussen-Eingang\/2855051202.jpg\" src=\"data:image\/svg+xml,%3Csvg%20xmlns%3D%22http%3A%2F%2Fwww.w3.org%2F2000%2Fsvg%22%20width%3D%22250%22%20height%3D%22218%22%20viewBox%3D%220%200%20250%20218%22%3E%3C%2Fsvg%3E\" loading=\"eager\"><\/span><span class=\"fg-image-overlay\"><\/span><\/a><figcaption class=\"fg-caption\"><div class=\"fg-caption-inner\"><div class=\"fg-caption-desc\">La entrada a la f\u00e1brica y a la \u201eCasa del Habano\u201c fue siempre f\u00e1cil de encontrar.<\/div><\/div><\/figcaption><\/figure><div class=\"fg-loader\"><\/div><\/div><div class=\"fg-item fg-type-image fg-idle\"><figure class=\"fg-item-inner\"><a href=\"https:\/\/origin-of-cigar.com\/wp-content\/uploads\/2025\/10\/Partagas-Aussen-von-links.jpg\" data-caption-desc=\"L\u00e4uft man links um das Capitol herum, kommt man von dieser Seite zur ehemaligen Manufaktur, damals noch in Betrieb.\" data-attachment-id=\"796\" data-type=\"image\" class=\"fg-thumb\"><span class=\"fg-image-wrap\"><img decoding=\"async\" alt=\"Si rodeas el Capitolio por la izquierda, llegar\u00e1s por este lado a la antigua f\u00e1brica, que segu\u00eda en funcionamiento en aquella \u00e9poca.\" width=\"250\" height=\"298\" class=\"skip-lazy fg-image\" data-src-fg=\"https:\/\/origin-of-cigar.com\/wp-content\/uploads\/cache\/2025\/10\/Partagas-Aussen-von-links\/1319275045.jpg\" src=\"data:image\/svg+xml,%3Csvg%20xmlns%3D%22http%3A%2F%2Fwww.w3.org%2F2000%2Fsvg%22%20width%3D%22250%22%20height%3D%22298%22%20viewBox%3D%220%200%20250%20298%22%3E%3C%2Fsvg%3E\" loading=\"eager\"><\/span><span class=\"fg-image-overlay\"><\/span><\/a><figcaption class=\"fg-caption\"><div class=\"fg-caption-inner\"><div class=\"fg-caption-desc\">Si rodeas el Capitolio por la izquierda, llegar\u00e1s por este lado a la antigua f\u00e1brica, que segu\u00eda en funcionamiento en aquella \u00e9poca.<\/div><\/div><\/figcaption><\/figure><div class=\"fg-loader\"><\/div><\/div><div class=\"fg-item fg-type-image fg-idle\"><figure class=\"fg-item-inner\"><a href=\"https:\/\/origin-of-cigar.com\/wp-content\/uploads\/2025\/10\/Partagas-Capitol-mit-Fabrik_NEU.jpg\" data-caption-desc=\"Die ehemalige Partag\u00e1s-Manufaktur befindet sich direkt hinter dem Capitol, ein Wahrzeichen der Zigarre. Aktuell eine Baustelle, soll in dieses Geb\u00e4ude ein Tabak- und Zigarrenmuseum kommen.\" data-attachment-id=\"807\" data-type=\"image\" class=\"fg-thumb\"><span class=\"fg-image-wrap\"><img decoding=\"async\" alt=\"La antigua f\u00e1brica de Partag\u00e1s se encuentra justo detr\u00e1s del Capitolio, un lugar emblem\u00e1tico del tabaco. Actualmente en obras, este edificio albergar\u00e1 un museo del tabaco y los puros.\" width=\"250\" height=\"162\" class=\"skip-lazy fg-image\" data-src-fg=\"https:\/\/origin-of-cigar.com\/wp-content\/uploads\/cache\/2025\/10\/Partagas-Capitol-mit-Fabrik_NEU\/3910850270.jpg\" src=\"data:image\/svg+xml,%3Csvg%20xmlns%3D%22http%3A%2F%2Fwww.w3.org%2F2000%2Fsvg%22%20width%3D%22250%22%20height%3D%22162%22%20viewBox%3D%220%200%20250%20162%22%3E%3C%2Fsvg%3E\" loading=\"eager\"><\/span><span class=\"fg-image-overlay\"><\/span><\/a><figcaption class=\"fg-caption\"><div class=\"fg-caption-inner\"><div class=\"fg-caption-desc\">La antigua f\u00e1brica de Partag\u00e1s se encuentra justo detr\u00e1s del Capitolio, un lugar emblem\u00e1tico del tabaco. Actualmente en obras, este edificio albergar\u00e1 un museo del tabaco y los puros.<\/div><\/div><\/figcaption><\/figure><div class=\"fg-loader\"><\/div><\/div><div class=\"fg-item fg-type-image fg-idle\"><figure class=\"fg-item-inner\"><a href=\"https:\/\/origin-of-cigar.com\/wp-content\/uploads\/2025\/10\/Partagas-Eingang-2017.jpg\" data-caption-desc=\"Jedes Jahr war die Eingangshalle anders dekoriert, hier mit Leuchttafeln.\" data-attachment-id=\"797\" data-type=\"image\" class=\"fg-thumb\"><span class=\"fg-image-wrap\"><img decoding=\"async\" alt=\"El vest\u00edbulo se decoraba de forma diferente cada a\u00f1o, aqu\u00ed con paneles iluminados.\" width=\"250\" height=\"382\" class=\"skip-lazy fg-image\" data-src-fg=\"https:\/\/origin-of-cigar.com\/wp-content\/uploads\/cache\/2025\/10\/Partagas-Eingang-2017\/662842880.jpg\" src=\"data:image\/svg+xml,%3Csvg%20xmlns%3D%22http%3A%2F%2Fwww.w3.org%2F2000%2Fsvg%22%20width%3D%22250%22%20height%3D%22382%22%20viewBox%3D%220%200%20250%20382%22%3E%3C%2Fsvg%3E\" loading=\"eager\"><\/span><span class=\"fg-image-overlay\"><\/span><\/a><figcaption class=\"fg-caption\"><div class=\"fg-caption-inner\"><div class=\"fg-caption-desc\">El vest\u00edbulo se decoraba de forma diferente cada a\u00f1o, aqu\u00ed con paneles iluminados.<\/div><\/div><\/figcaption><\/figure><div class=\"fg-loader\"><\/div><\/div><div class=\"fg-item fg-type-image fg-idle\"><figure class=\"fg-item-inner\"><a href=\"https:\/\/origin-of-cigar.com\/wp-content\/uploads\/2025\/10\/Partagas-Eingang-Casa.jpg\" data-caption-desc=\"Die \u201cCasa del Habano Partag\u00e1s\u201c in der ehemaligen Manufaktur war jahrzehntelang f\u00fcr viele Zigarrenliebhaber einer der Lieblingsorte f\u00fcr den Kauf der Habanos. Die \u201eCasa\u201c ist vor einigen Jahren umgezogen.\" data-attachment-id=\"798\" data-type=\"image\" class=\"fg-thumb\"><span class=\"fg-image-wrap\"><img decoding=\"async\" alt=\"Durante d\u00e9cadas, la \u201cCasa del Habano Partag\u00e1s\u201c, en la antigua f\u00e1brica, fue uno de los lugares preferidos por muchos amantes de los puros para comprar Habanos. La \u201eCasa\u201c se traslad\u00f3 hace unos a\u00f1os.\" width=\"250\" height=\"333\" class=\"skip-lazy fg-image\" data-src-fg=\"https:\/\/origin-of-cigar.com\/wp-content\/uploads\/cache\/2025\/10\/Partagas-Eingang-Casa\/2696280111.jpg\" src=\"data:image\/svg+xml,%3Csvg%20xmlns%3D%22http%3A%2F%2Fwww.w3.org%2F2000%2Fsvg%22%20width%3D%22250%22%20height%3D%22333%22%20viewBox%3D%220%200%20250%20333%22%3E%3C%2Fsvg%3E\" loading=\"eager\"><\/span><span class=\"fg-image-overlay\"><\/span><\/a><figcaption class=\"fg-caption\"><div class=\"fg-caption-inner\"><div class=\"fg-caption-desc\">Durante d\u00e9cadas, la \u201cCasa del Habano Partag\u00e1s\u201c, en la antigua f\u00e1brica, fue uno de los lugares preferidos por muchos amantes de los puros para comprar Habanos. La \u201eCasa\u201c se traslad\u00f3 hace unos a\u00f1os.<\/div><\/div><\/figcaption><\/figure><div class=\"fg-loader\"><\/div><\/div><div class=\"fg-item fg-type-image fg-idle\"><figure class=\"fg-item-inner\"><a href=\"https:\/\/origin-of-cigar.com\/wp-content\/uploads\/2025\/10\/Partagas-Eingang-Innen-.jpg\" data-caption-desc=\"Die Eingangshalle der Manufaktur, links daneben die Treppe, die in die oberen Stockwerke f\u00fchrt.\" data-attachment-id=\"799\" data-type=\"image\" class=\"fg-thumb\"><span class=\"fg-image-wrap\"><img decoding=\"async\" alt=\"Vest\u00edbulo de la f\u00e1brica, con la escalera de acceso a los pisos superiores a la izquierda.\" width=\"250\" height=\"381\" class=\"skip-lazy fg-image\" data-src-fg=\"https:\/\/origin-of-cigar.com\/wp-content\/uploads\/cache\/2025\/10\/Partagas-Eingang-Innen-\/3752117726.jpg\" src=\"data:image\/svg+xml,%3Csvg%20xmlns%3D%22http%3A%2F%2Fwww.w3.org%2F2000%2Fsvg%22%20width%3D%22250%22%20height%3D%22381%22%20viewBox%3D%220%200%20250%20381%22%3E%3C%2Fsvg%3E\" loading=\"eager\"><\/span><span class=\"fg-image-overlay\"><\/span><\/a><figcaption class=\"fg-caption\"><div class=\"fg-caption-inner\"><div class=\"fg-caption-desc\">Vest\u00edbulo de la f\u00e1brica, con la escalera de acceso a los pisos superiores a la izquierda.<\/div><\/div><\/figcaption><\/figure><div class=\"fg-loader\"><\/div><\/div><div class=\"fg-item fg-type-image fg-idle\"><figure class=\"fg-item-inner\"><a href=\"https:\/\/origin-of-cigar.com\/wp-content\/uploads\/2025\/10\/Partagas-Giebel_NEU.jpg\" data-caption-desc=\"Der Giebel der Partag\u00e1s-Manufaktur auf der Calle (Stra\u00dfe) Industria No.520. 1845, wie auf dem Giebel angeschrieben, wurde die Marke offiziell eingef\u00fchrt.\" data-attachment-id=\"803\" data-type=\"image\" class=\"fg-thumb\"><span class=\"fg-image-wrap\"><img decoding=\"async\" alt=\"El front\u00f3n de la f\u00e1brica de Partag\u00e1s, en la calle Industria n\u00ba 520. La marca fue lanzada oficialmente en 1845, tal y como est\u00e1 inscrito en el front\u00f3n.\" width=\"250\" height=\"188\" class=\"skip-lazy fg-image\" data-src-fg=\"https:\/\/origin-of-cigar.com\/wp-content\/uploads\/cache\/2025\/10\/Partagas-Giebel_NEU\/4154176394.jpg\" src=\"data:image\/svg+xml,%3Csvg%20xmlns%3D%22http%3A%2F%2Fwww.w3.org%2F2000%2Fsvg%22%20width%3D%22250%22%20height%3D%22188%22%20viewBox%3D%220%200%20250%20188%22%3E%3C%2Fsvg%3E\" loading=\"eager\"><\/span><span class=\"fg-image-overlay\"><\/span><\/a><figcaption class=\"fg-caption\"><div class=\"fg-caption-inner\"><div class=\"fg-caption-desc\">El front\u00f3n de la f\u00e1brica de Partag\u00e1s, en la calle Industria n\u00ba 520. La marca fue lanzada oficialmente en 1845, tal y como est\u00e1 inscrito en el front\u00f3n.<\/div><\/div><\/figcaption><\/figure><div class=\"fg-loader\"><\/div><\/div><div class=\"fg-item fg-type-image fg-idle\"><figure class=\"fg-item-inner\"><a href=\"https:\/\/origin-of-cigar.com\/wp-content\/uploads\/2025\/10\/Partagas-Ind-160-Innen_NEU.jpg\" data-caption-desc=\"Hier, in diesem Haus, soll der unruhige Geist des Patrons Jaime Partag\u00e1s, nach seinem Tod sein Unwesen getrieben haben. Ein katholischer Priester und eine Santera konnten ihn mit geballter Kraft und Glauben vertreiben.\" data-attachment-id=\"806\" data-type=\"image\" class=\"fg-thumb\"><span class=\"fg-image-wrap\"><img decoding=\"async\" alt=\"Aqu\u00ed, en esta casa, se dice que el esp\u00edritu inquieto del patr\u00f3n Jaime Partag\u00e1s caus\u00f3 estragos tras su muerte. Un sacerdote cat\u00f3lico y una santera consiguieron ahuyentarlo con su fuerza y fe combinadas.\" width=\"250\" height=\"354\" class=\"skip-lazy fg-image\" data-src-fg=\"https:\/\/origin-of-cigar.com\/wp-content\/uploads\/cache\/2025\/10\/Partagas-Ind-160-Innen_NEU\/1307608377.jpg\" src=\"data:image\/svg+xml,%3Csvg%20xmlns%3D%22http%3A%2F%2Fwww.w3.org%2F2000%2Fsvg%22%20width%3D%22250%22%20height%3D%22354%22%20viewBox%3D%220%200%20250%20354%22%3E%3C%2Fsvg%3E\" loading=\"eager\"><\/span><span class=\"fg-image-overlay\"><\/span><\/a><figcaption class=\"fg-caption\"><div class=\"fg-caption-inner\"><div class=\"fg-caption-desc\">Aqu\u00ed, en esta casa, se dice que el esp\u00edritu inquieto del patr\u00f3n Jaime Partag\u00e1s caus\u00f3 estragos tras su muerte. Un sacerdote cat\u00f3lico y una santera consiguieron ahuyentarlo con su fuerza y fe combinadas.<\/div><\/div><\/figcaption><\/figure><div class=\"fg-loader\"><\/div><\/div><div class=\"fg-item fg-type-image fg-idle\"><figure class=\"fg-item-inner\"><a href=\"https:\/\/origin-of-cigar.com\/wp-content\/uploads\/2025\/10\/Partagas-Industria-160-und-158_NEU.jpg\" data-caption-desc=\"Im Geb\u00e4ude links, heute die Calle (Stra\u00dfe) Industria No.160, schaltete und waltete Jaime Partag\u00e1s. Erst unter seinen Nachfolgern zog die Manufaktur in das heute ber\u00fchmte Geb\u00e4ude der Calle (Stra\u00dfe) Industria No.520.\" data-attachment-id=\"805\" data-type=\"image\" class=\"fg-thumb\"><span class=\"fg-image-wrap\"><img decoding=\"async\" alt=\"Jaime Partag\u00e1s trabaj\u00f3 en el edificio de la izquierda, actual calle Industria n\u00ba 160. S\u00f3lo con sus sucesores la f\u00e1brica se traslad\u00f3 al hoy famoso edificio de la calle Industria n\u00ba 520.\" width=\"250\" height=\"188\" class=\"skip-lazy fg-image\" data-src-fg=\"https:\/\/origin-of-cigar.com\/wp-content\/uploads\/cache\/2025\/10\/Partagas-Industria-160-und-158_NEU\/1173633198.jpg\" src=\"data:image\/svg+xml,%3Csvg%20xmlns%3D%22http%3A%2F%2Fwww.w3.org%2F2000%2Fsvg%22%20width%3D%22250%22%20height%3D%22188%22%20viewBox%3D%220%200%20250%20188%22%3E%3C%2Fsvg%3E\" loading=\"eager\"><\/span><span class=\"fg-image-overlay\"><\/span><\/a><figcaption class=\"fg-caption\"><div class=\"fg-caption-inner\"><div class=\"fg-caption-desc\">Jaime Partag\u00e1s trabaj\u00f3 en el edificio de la izquierda, actual calle Industria n\u00ba 160. S\u00f3lo con sus sucesores la f\u00e1brica se traslad\u00f3 al hoy famoso edificio de la calle Industria n\u00ba 520.<\/div><\/div><\/figcaption><\/figure><div class=\"fg-loader\"><\/div><\/div><div class=\"fg-item fg-type-image fg-idle\"><figure class=\"fg-item-inner\"><a href=\"https:\/\/origin-of-cigar.com\/wp-content\/uploads\/2025\/10\/Partagas-Rezeption.jpg\" data-caption-desc=\"Dies ist die alte Rezeption, die sich viele Jahre im Eingangsbereich befand.\" data-attachment-id=\"800\" data-type=\"image\" class=\"fg-thumb\"><span class=\"fg-image-wrap\"><img decoding=\"async\" alt=\"Este es el antiguo mostrador de recepci\u00f3n que estuvo situado en la zona de entrada durante muchos a\u00f1os.\" width=\"250\" height=\"452\" class=\"skip-lazy fg-image\" data-src-fg=\"https:\/\/origin-of-cigar.com\/wp-content\/uploads\/cache\/2025\/10\/Partagas-Rezeption\/4293487631.jpg\" src=\"data:image\/svg+xml,%3Csvg%20xmlns%3D%22http%3A%2F%2Fwww.w3.org%2F2000%2Fsvg%22%20width%3D%22250%22%20height%3D%22452%22%20viewBox%3D%220%200%20250%20452%22%3E%3C%2Fsvg%3E\" loading=\"eager\"><\/span><span class=\"fg-image-overlay\"><\/span><\/a><figcaption class=\"fg-caption\"><div class=\"fg-caption-inner\"><div class=\"fg-caption-desc\">Este es el antiguo mostrador de recepci\u00f3n que estuvo situado en la zona de entrada durante muchos a\u00f1os.<\/div><\/div><\/figcaption><\/figure><div class=\"fg-loader\"><\/div><\/div><div class=\"fg-item fg-type-image fg-idle\"><figure class=\"fg-item-inner\"><a href=\"https:\/\/origin-of-cigar.com\/wp-content\/uploads\/2025\/10\/Partagas-Schild-mit-Capitol_NEU.jpg\" data-caption-desc=\"Dieses Schild hing lange an der Fassade der Partag\u00e1s-Manufaktur. Die aktuelle Partag\u00e1s-Manufaktur befindet sich auf der Calle (Stra\u00dfe) San Carlos im Stadtteil Centro Habana.\" data-attachment-id=\"811\" data-type=\"image\" class=\"fg-thumb\"><span class=\"fg-image-wrap\"><img decoding=\"async\" alt=\"Este letrero colg\u00f3 de la fachada de la f\u00e1brica Partag\u00e1s durante mucho tiempo. La actual f\u00e1brica de Partag\u00e1s se encuentra en la calle San Carlos, en el barrio de Centro Habana.\" width=\"250\" height=\"188\" class=\"skip-lazy fg-image\" data-src-fg=\"https:\/\/origin-of-cigar.com\/wp-content\/uploads\/cache\/2025\/10\/Partagas-Schild-mit-Capitol_NEU\/2193943865.jpg\" src=\"data:image\/svg+xml,%3Csvg%20xmlns%3D%22http%3A%2F%2Fwww.w3.org%2F2000%2Fsvg%22%20width%3D%22250%22%20height%3D%22188%22%20viewBox%3D%220%200%20250%20188%22%3E%3C%2Fsvg%3E\" loading=\"eager\"><\/span><span class=\"fg-image-overlay\"><\/span><\/a><figcaption class=\"fg-caption\"><div class=\"fg-caption-inner\"><div class=\"fg-caption-desc\">Este letrero colg\u00f3 de la fachada de la f\u00e1brica Partag\u00e1s durante mucho tiempo. La actual f\u00e1brica de Partag\u00e1s se encuentra en la calle San Carlos, en el barrio de Centro Habana.<\/div><\/div><\/figcaption><\/figure><div class=\"fg-loader\"><\/div><\/div><div class=\"fg-item fg-type-image fg-idle\"><figure class=\"fg-item-inner\"><a href=\"https:\/\/origin-of-cigar.com\/wp-content\/uploads\/2025\/10\/Partagas-Schwelle.jpg\" data-caption-desc=\"Diese Schwelle mit dem Schriftzug Partag\u00e1s befindet sich im Haupteingang, direkt von der Stra\u00dfe aus. Wie viele Menschen sind dar\u00fcber wohl schon geschritten?\" data-attachment-id=\"801\" data-type=\"image\" class=\"fg-thumb\"><span class=\"fg-image-wrap\"><img decoding=\"async\" alt=\"Este umbral con las letras Partag\u00e1s se encuentra en la entrada principal, directamente desde la calle. \u00bfCu\u00e1ntas personas habr\u00e1n pasado por encima?\" width=\"250\" height=\"142\" class=\"skip-lazy fg-image\" data-src-fg=\"https:\/\/origin-of-cigar.com\/wp-content\/uploads\/cache\/2025\/10\/Partagas-Schwelle\/3335246554.jpg\" src=\"data:image\/svg+xml,%3Csvg%20xmlns%3D%22http%3A%2F%2Fwww.w3.org%2F2000%2Fsvg%22%20width%3D%22250%22%20height%3D%22142%22%20viewBox%3D%220%200%20250%20142%22%3E%3C%2Fsvg%3E\" loading=\"eager\"><\/span><span class=\"fg-image-overlay\"><\/span><\/a><figcaption class=\"fg-caption\"><div class=\"fg-caption-inner\"><div class=\"fg-caption-desc\">Este umbral con las letras Partag\u00e1s se encuentra en la entrada principal, directamente desde la calle. \u00bfCu\u00e1ntas personas habr\u00e1n pasado por encima?<\/div><\/div><\/figcaption><\/figure><div class=\"fg-loader\"><\/div><\/div><div class=\"fg-item fg-type-image fg-idle\"><figure class=\"fg-item-inner\"><a href=\"https:\/\/origin-of-cigar.com\/wp-content\/uploads\/2025\/10\/Partagas-Tabakfeld_NEU.jpg\" data-caption-desc=\"Jaime Partag\u00e1s war im Besitz einiger der besten Plantagen der Vuelta Abajo und hatte daher immer Zugriff auf besten Tabak.\" data-attachment-id=\"804\" data-type=\"image\" class=\"fg-thumb\"><span class=\"fg-image-wrap\"><img decoding=\"async\" alt=\"Jaime Partag\u00e1s pose\u00eda algunas de las mejores plantaciones de Vuelta Abajo y, por tanto, siempre ten\u00eda acceso al mejor tabaco.\" width=\"250\" height=\"166\" class=\"skip-lazy fg-image\" data-src-fg=\"https:\/\/origin-of-cigar.com\/wp-content\/uploads\/cache\/2025\/10\/Partagas-Tabakfeld_NEU\/1935960243.jpg\" src=\"data:image\/svg+xml,%3Csvg%20xmlns%3D%22http%3A%2F%2Fwww.w3.org%2F2000%2Fsvg%22%20width%3D%22250%22%20height%3D%22166%22%20viewBox%3D%220%200%20250%20166%22%3E%3C%2Fsvg%3E\" loading=\"eager\"><\/span><span class=\"fg-image-overlay\"><\/span><\/a><figcaption class=\"fg-caption\"><div class=\"fg-caption-inner\"><div class=\"fg-caption-desc\">Jaime Partag\u00e1s pose\u00eda algunas de las mejores plantaciones de Vuelta Abajo y, por tanto, siempre ten\u00eda acceso al mejor tabaco.<\/div><\/div><\/figcaption><\/figure><div class=\"fg-loader\"><\/div><\/div><div class=\"fg-item fg-type-image fg-idle\"><figure class=\"fg-item-inner\"><a href=\"https:\/\/origin-of-cigar.com\/wp-content\/uploads\/2025\/10\/Partagas-Wappen.jpg\" data-caption-desc=\"Schwer zu sagen, wie alt dieses Wappen ist oder aus welcher Zeit es stammt. Vielleicht hat jemand eine Idee?\" data-attachment-id=\"802\" data-type=\"image\" class=\"fg-thumb\"><span class=\"fg-image-wrap\"><img decoding=\"async\" alt=\"Es dif\u00edcil decir cu\u00e1n antiguo es este escudo o de qu\u00e9 \u00e9poca data. \u00bfQuiz\u00e1s alguien tenga una idea?\" width=\"250\" height=\"354\" class=\"skip-lazy fg-image\" data-src-fg=\"https:\/\/origin-of-cigar.com\/wp-content\/uploads\/cache\/2025\/10\/Partagas-Wappen\/2936774590.jpg\" src=\"data:image\/svg+xml,%3Csvg%20xmlns%3D%22http%3A%2F%2Fwww.w3.org%2F2000%2Fsvg%22%20width%3D%22250%22%20height%3D%22354%22%20viewBox%3D%220%200%20250%20354%22%3E%3C%2Fsvg%3E\" loading=\"eager\"><\/span><span class=\"fg-image-overlay\"><\/span><\/a><figcaption class=\"fg-caption\"><div class=\"fg-caption-inner\"><div class=\"fg-caption-desc\">Es dif\u00edcil decir cu\u00e1n antiguo es este escudo o de qu\u00e9 \u00e9poca data. \u00bfQuiz\u00e1s alguien tenga una idea?<\/div><\/div><\/figcaption><\/figure><div class=\"fg-loader\"><\/div><\/div><div class=\"fg-item fg-type-image fg-idle\"><figure class=\"fg-item-inner\"><a href=\"https:\/\/origin-of-cigar.com\/wp-content\/uploads\/2025\/10\/Partagas-Aussen-2003.jpg\" data-caption-desc=\"Die inzwischen ehemalige Manufaktur Partag\u00e1s direkt hinter dem Capitol auf der Calle (Stra\u00dfe) Industria No.520, ehemals No. 174 und 172. Von 1900 bis 2011 wurden hier die ber\u00fchmten Partag\u00e1s- Zigarren gefertigt.\" data-attachment-id=\"824\" data-type=\"image\" class=\"fg-thumb\"><span class=\"fg-image-wrap\"><img decoding=\"async\" alt=\"La antigua f\u00e1brica de Partag\u00e1s, situada justo detr\u00e1s del Capitolio, en la calle Industria n\u00ba 520, antes n\u00ba 174 y 172, donde se elaboraron los famosos puros Partag\u00e1s desde 1900 hasta 2011.\" width=\"250\" height=\"186\" class=\"skip-lazy fg-image\" data-src-fg=\"https:\/\/origin-of-cigar.com\/wp-content\/uploads\/cache\/2025\/10\/Partagas-Aussen-2003\/2165523670.jpg\" src=\"data:image\/svg+xml,%3Csvg%20xmlns%3D%22http%3A%2F%2Fwww.w3.org%2F2000%2Fsvg%22%20width%3D%22250%22%20height%3D%22186%22%20viewBox%3D%220%200%20250%20186%22%3E%3C%2Fsvg%3E\" loading=\"eager\"><\/span><span class=\"fg-image-overlay\"><\/span><\/a><figcaption class=\"fg-caption\"><div class=\"fg-caption-inner\"><div class=\"fg-caption-desc\">La antigua f\u00e1brica de Partag\u00e1s, situada justo detr\u00e1s del Capitolio, en la calle Industria n\u00ba 520, antes n\u00ba 174 y 172, donde se elaboraron los famosos puros Partag\u00e1s desde 1900 hasta 2011.<\/div><\/div><\/figcaption><\/figure><div class=\"fg-loader\"><\/div><\/div><div class=\"fg-item fg-type-image fg-idle\"><figure class=\"fg-item-inner\"><a href=\"https:\/\/origin-of-cigar.com\/wp-content\/uploads\/2025\/10\/Partagas-Patio.jpg\" data-caption-desc=\"Ein Blick in den Patio der ber\u00fchmten Partag\u00e1s-Manufaktur: Auf vier Etagen arbeiteten Torcedores und viele andere flei\u00dfige H\u00e4nde, um unerm\u00fcdliche die weltweit begehrten Partag\u00e1s-Zigarren zu fertigen.\" data-attachment-id=\"808\" data-type=\"image\" class=\"fg-thumb\"><span class=\"fg-image-wrap\"><img decoding=\"async\" alt=\"Una mirada al patio de la famosa f\u00e1brica Partag\u00e1s: torcedores y muchas otras manos trabajadoras laboran incansablemente en cuatro plantas para producir los mundialmente famosos puros Partag\u00e1s.\" width=\"250\" height=\"376\" class=\"skip-lazy fg-image\" data-src-fg=\"https:\/\/origin-of-cigar.com\/wp-content\/uploads\/cache\/2025\/10\/Partagas-Patio\/803552587.jpg\" src=\"data:image\/svg+xml,%3Csvg%20xmlns%3D%22http%3A%2F%2Fwww.w3.org%2F2000%2Fsvg%22%20width%3D%22250%22%20height%3D%22376%22%20viewBox%3D%220%200%20250%20376%22%3E%3C%2Fsvg%3E\" loading=\"eager\"><\/span><span class=\"fg-image-overlay\"><\/span><\/a><figcaption class=\"fg-caption\"><div class=\"fg-caption-inner\"><div class=\"fg-caption-desc\">Una mirada al patio de la famosa f\u00e1brica Partag\u00e1s: torcedores y muchas otras manos trabajadoras laboran incansablemente en cuatro plantas para producir los mundialmente famosos puros Partag\u00e1s.<\/div><\/div><\/figcaption><\/figure><div class=\"fg-loader\"><\/div><\/div><div class=\"fg-item fg-type-image fg-idle\"><figure class=\"fg-item-inner\"><a href=\"https:\/\/origin-of-cigar.com\/wp-content\/uploads\/2025\/10\/partagas_jaime_partagas_ravell.jpg\" data-caption-desc=\"Don Jaime Partag\u00e1s: eine der bedeutendsten Pers\u00f6nlichkeiten der Zigarrenindustrie. Zielstrebig, ehrgeizig, immer auf Erfolg bedacht, mitunter skrupellos.\" data-attachment-id=\"789\" data-type=\"image\" class=\"fg-thumb\"><span class=\"fg-image-wrap\"><img decoding=\"async\" alt=\"Don Jaime Partag\u00e1s: una de las personalidades m\u00e1s importantes de la industria del tabaco. Decidido, ambicioso, siempre dispuesto a triunfar, a veces sin escr\u00fapulos.\" width=\"250\" height=\"337\" class=\"skip-lazy fg-image\" data-src-fg=\"https:\/\/origin-of-cigar.com\/wp-content\/uploads\/cache\/2025\/10\/partagas_jaime_partagas_ravell\/3595616459.jpg\" src=\"data:image\/svg+xml,%3Csvg%20xmlns%3D%22http%3A%2F%2Fwww.w3.org%2F2000%2Fsvg%22%20width%3D%22250%22%20height%3D%22337%22%20viewBox%3D%220%200%20250%20337%22%3E%3C%2Fsvg%3E\" loading=\"eager\"><\/span><span class=\"fg-image-overlay\"><\/span><\/a><figcaption class=\"fg-caption\"><div class=\"fg-caption-inner\"><div class=\"fg-caption-desc\">Don Jaime Partag\u00e1s: una de las personalidades m\u00e1s importantes de la industria del tabaco. Decidido, ambicioso, siempre dispuesto a triunfar, a veces sin escr\u00fapulos.<\/div><\/div><\/figcaption><\/figure><div class=\"fg-loader\"><\/div><\/div><\/div>\n\n\n\n<div style=\"height:35px\" aria-hidden=\"true\" class=\"wp-block-spacer\"><\/div>\n\n\n\n<h2 class=\"wp-block-heading\" id=\"quellenangaben\">Referencias<\/h2>\n\n\n\n<ul class=\"wp-block-list\">\n<li>Min Ron Nee:\n<ul class=\"wp-block-list\">\n<li><strong>\"ENCICLOPEDIA ILUSTRADA DE LOS PUROS HABANOS DESPU\u00c9S DE LA REVOLUCI\u00d3N\"<\/strong> \/ Hong Kong 2003, ISBN: 978-3980930826<\/li>\n<\/ul>\n<\/li>\n<\/ul>\n\n\n\n<p><\/p>\n\n\n\n<ul class=\"wp-block-list\">\n<li>Instituto de Investigaciones del Tabaco Cuba:\n<ul class=\"wp-block-list\">\n<li><strong>\"El mundo de los Habanos\"<\/strong> \/ La Habana 2013, ISBN: 978-959-7212-08-9<\/li>\n<\/ul>\n<\/li>\n<\/ul>\n\n\n\n<p><\/p>\n\n\n\n<ul class=\"wp-block-list\">\n<li>Adriano Mart\u00ednez Rius:\n<ul class=\"wp-block-list\">\n<li><strong>\"Habano el Rey\"<\/strong> \/ Barcelona 1998, ISBN: 84-930387-1-7<\/li>\n<\/ul>\n<\/li>\n<\/ul>\n\n\n\n<p><\/p>\n\n\n\n<ul class=\"wp-block-list\">\n<li>Adriano Mart\u00ednez Rius:\n<ul class=\"wp-block-list\">\n<li><strong>\"Las grandes f\u00e1bricas de habanos\"<\/strong> \/ Barcelona 2005, ISBN: 84-609-4024-1<\/li>\n<\/ul>\n<\/li>\n<\/ul>\n\n\n\n<p><\/p>\n\n\n\n<ul class=\"wp-block-list\">\n<li>Orlando Quiroga:\n<ul class=\"wp-block-list\">\n<li><strong>\"El Habano al rojo vivo\"<\/strong> \/ La Habana 2002<\/li>\n<\/ul>\n<\/li>\n<\/ul>\n\n\n\n<p><\/p>\n\n\n\n<ul class=\"wp-block-list\">\n<li>Enzo A. Infante:\n<ul class=\"wp-block-list\">\n<li><strong>\"Cigarros habanos 1817-1960\"<\/strong> \/ Neptune City 1997<\/li>\n<\/ul>\n<\/li>\n<\/ul>\n\n\n\n<p><\/p>\n\n\n\n<ul class=\"wp-block-list\">\n<li>Eumelio Espino:\n<ul class=\"wp-block-list\">\n<li><strong>\"El Habano - De la semilla al puro en 539 pasos\"<\/strong> \/ Madrid 2019, ISBN: 978-84-09-07091-6<\/li>\n<\/ul>\n<\/li>\n<\/ul>\n\n\n\n<p><\/p>\n\n\n\n<ul class=\"wp-block-list\">\n<li>Alexander Groom:\n<ul class=\"wp-block-list\">\n<li><strong>\"El Habano Moderno\"<\/strong> \/ Helios House Press 2022, ISBN: 978-911683-05-6<\/li>\n<\/ul>\n<\/li>\n<\/ul>\n\n\n\n<hr class=\"wp-block-separator has-text-color has-alpha-channel-opacity has-background\" style=\"background-color:#a4682f;color:#a4682f\"\/>\n\n\n\n<p>Se encuentra usted aqu\u00ed:<\/p>\n\n\n\n<nav aria-label=\"pan rallado\" class=\"rank-math-breadcrumb\"><p><span class=\"last\">Inicio<\/span><\/p><\/nav>\n\n\n\n<hr class=\"wp-block-separator has-text-color has-alpha-channel-opacity has-background\" style=\"background-color:#a4682f;color:#a4682f\"\/>","protected":false},"excerpt":{"rendered":"<p>Historia de Partag\u00e1s - Por qu\u00e9 la marca de puros sigue fascinando hoy en d\u00eda: Si le gusta la historia de los Habanos, no hay forma de evitar Partag\u00e1s. Fundada en el a\u00f1o...<\/p>","protected":false},"author":4,"featured_media":2048,"comment_status":"closed","ping_status":"open","sticky":false,"template":"","format":"standard","meta":{"om_disable_all_campaigns":false,"_glsr_average":0,"_glsr_ranking":0,"_glsr_reviews":0,"_jetpack_memberships_contains_paid_content":false,"footnotes":""},"categories":[81,80],"tags":[51,52,50],"class_list":["post-543","post","type-post","status-publish","format-standard","has-post-thumbnail","hentry","category-kuba-zigarren-marken","category-history-kuba-serie","tag-history","tag-marken","tag-partagas"],"jetpack_featured_media_url":"https:\/\/origin-of-cigar.com\/wp-content\/uploads\/2025\/12\/Partagas.png","jetpack_sharing_enabled":true,"_links":{"self":[{"href":"https:\/\/origin-of-cigar.com\/es\/wp-json\/wp\/v2\/posts\/543","targetHints":{"allow":["GET"]}}],"collection":[{"href":"https:\/\/origin-of-cigar.com\/es\/wp-json\/wp\/v2\/posts"}],"about":[{"href":"https:\/\/origin-of-cigar.com\/es\/wp-json\/wp\/v2\/types\/post"}],"author":[{"embeddable":true,"href":"https:\/\/origin-of-cigar.com\/es\/wp-json\/wp\/v2\/users\/4"}],"replies":[{"embeddable":true,"href":"https:\/\/origin-of-cigar.com\/es\/wp-json\/wp\/v2\/comments?post=543"}],"version-history":[{"count":65,"href":"https:\/\/origin-of-cigar.com\/es\/wp-json\/wp\/v2\/posts\/543\/revisions"}],"predecessor-version":[{"id":2587,"href":"https:\/\/origin-of-cigar.com\/es\/wp-json\/wp\/v2\/posts\/543\/revisions\/2587"}],"wp:featuredmedia":[{"embeddable":true,"href":"https:\/\/origin-of-cigar.com\/es\/wp-json\/wp\/v2\/media\/2048"}],"wp:attachment":[{"href":"https:\/\/origin-of-cigar.com\/es\/wp-json\/wp\/v2\/media?parent=543"}],"wp:term":[{"taxonomy":"category","embeddable":true,"href":"https:\/\/origin-of-cigar.com\/es\/wp-json\/wp\/v2\/categories?post=543"},{"taxonomy":"post_tag","embeddable":true,"href":"https:\/\/origin-of-cigar.com\/es\/wp-json\/wp\/v2\/tags?post=543"}],"curies":[{"name":"wp","href":"https:\/\/api.w.org\/{rel}","templated":true}]}}