{"id":1882,"date":"2025-12-02T07:40:17","date_gmt":"2025-12-02T07:40:17","guid":{"rendered":"https:\/\/origin-of-cigar.com\/?p=1882"},"modified":"2026-03-03T08:02:41","modified_gmt":"2026-03-03T08:02:41","slug":"por-larranaga-historia","status":"publish","type":"post","link":"https:\/\/origin-of-cigar.com\/es\/por-larranaga-geschichte\/","title":{"rendered":"Por Larra\u00f1aga historia - \u00c9pica: lujo, leyenda y una casa en rosa"},"content":{"rendered":"<p>Historia de Por Larra\u00f1aga: Esta marca es uno de los Habanos m\u00e1s antiguos de la historia -fundada en 1834, con domicilio social en la calle O'Reilly 94 de Habana Vieja- y es una de las pocas marcas hist\u00f3ricas cuyos puros se siguen produciendo en la actualidad. Los fundadores fueron los hermanos Ignacio y Ambrosio Larra\u00f1aga. Sin embargo, el primer registro oficial fue s\u00f3lo a nombre de Ignacio Larra\u00f1aga.<\/p>\n\n\n\n<div style=\"height:35px\" aria-hidden=\"true\" class=\"wp-block-spacer\"><\/div>\n\n\n\n<div class=\"wp-block-rank-math-toc-block\" id=\"rank-math-toc\"><h2>\u00cdndice<\/h2><nav><ul><li class=\"\"><a href=\"#die-legendare-marke\">La marca legendaria<\/a><\/li><li class=\"\"><a href=\"#cigarre-par-excellence-die-grosse-buhne\">\u201eCigarros por excelencia\u201c - el gran escenario<\/a><\/li><li class=\"\"><a href=\"#kipling-und-there-is-peace-in-a-larranaga\">Kipling y \u201eHay paz en un Larra\u00f1aga\u201c<\/a><\/li><li class=\"\"><a href=\"#unabhangig-trotz-amerikanischem-monopol\">Independiente a pesar del monopolio estadounidense<\/a><\/li><li class=\"\"><a href=\"#eigentumerwechsel-und-die-jahre-bis-zur-revolution\">Cambio de propietario y a\u00f1os previos a la revoluci\u00f3n<\/a><\/li><li class=\"\"><a href=\"#ein-haus-erzahlt-geschichte-architektur-und-schriftzug\">Una casa cuenta una historia - arquitectura y rotulaci\u00f3n<\/a><\/li><li class=\"\"><a href=\"#schliessung-leerstand-sanierung-und-ein-neues-rosa\">Cierre, desocupaci\u00f3n, renovaci\u00f3n... y una nueva Rosa<\/a><\/li><li class=\"\"><a href=\"#luxus-und-low-budget-die-linie-entredias\">Lujo y bajo presupuesto: la l\u00ednea Entred\u00edas<\/a><\/li><li class=\"\"><a href=\"#nach-der-revolution-was-blieb-was-heute-ist\">Despu\u00e9s de la revoluci\u00f3n: lo que qued\u00f3, lo que es hoy<\/a><\/li><li class=\"\"><a href=\"#fazit-was-die-por-larranaga-geschichte-erzahlt\">Conclusi\u00f3n - Lo que nos cuenta la historia de Por Larra\u00f1aga<\/a><\/li><li class=\"\"><a href=\"#hier-findest-du-die-partagas-manufaktur\">Aqu\u00ed encontrar\u00e1 la f\u00e1brica Por Larra\u00f1aga<\/a><\/li><li class=\"\"><a href=\"#ressourcen-zum-thema\">Curado para usted<\/a><\/li><li class=\"\"><a href=\"#historische-habanos-manufakturen-dokumentarfilm\">Documental sobre las f\u00e1bricas hist\u00f3ricas de Habanos<\/a><\/li><li class=\"\"><a href=\"#neu-bei-kubanischen-zigarren-oder-tief-drin-\u2192-zu-den-haufigen-fragen-\u2192-zum-zigarren-glossar\">\u00bfEres nuevo en el mundo de los puros cubanos? \u00bfO est\u00e1s muy metido?<\/a><\/li><li class=\"\"><a href=\"#wer-steckt-hinter-origin-of-cigar\">\u00bfQui\u00e9n est\u00e1 detr\u00e1s de Origin Of Cigar?<\/a><\/li><li class=\"\"><a href=\"#xxx-foto-galerie\">Galer\u00eda de fotos de Por Larra\u00f1aga<\/a><\/li><li class=\"\"><a href=\"#quellenangaben\">Referencias<\/a><\/li><\/ul><\/nav><\/div>\n\n\n\n<div style=\"height:35px\" aria-hidden=\"true\" class=\"wp-block-spacer\"><\/div>\n\n\n\n<figure class=\"wp-block-image size-full\"><img loading=\"lazy\" decoding=\"async\" width=\"869\" height=\"1000\" src=\"https:\/\/origin-of-cigar.com\/wp-content\/uploads\/2025\/12\/OOC-Por-Larranaga-1-Reilly-1.jpg\" alt=\"En 1834, Ignacio Larra\u00f1aga fund\u00f3 su primera f\u00e1brica de puros en una de esas casitas, entonces calle O&#039;Reilly n\u00ba 94, en un buen emplazamiento de lo que hoy es el centro hist\u00f3rico de La Habana. Por Larra\u00f1aga historia\" class=\"wp-image-1868\" srcset=\"https:\/\/origin-of-cigar.com\/wp-content\/uploads\/2025\/12\/OOC-Por-Larranaga-1-Reilly-1.jpg 869w, https:\/\/origin-of-cigar.com\/wp-content\/uploads\/2025\/12\/OOC-Por-Larranaga-1-Reilly-1-261x300.jpg 261w, https:\/\/origin-of-cigar.com\/wp-content\/uploads\/2025\/12\/OOC-Por-Larranaga-1-Reilly-1-768x884.jpg 768w, https:\/\/origin-of-cigar.com\/wp-content\/uploads\/2025\/12\/OOC-Por-Larranaga-1-Reilly-1-10x12.jpg 10w, https:\/\/origin-of-cigar.com\/wp-content\/uploads\/2025\/12\/OOC-Por-Larranaga-1-Reilly-1-624x718.jpg 624w\" sizes=\"auto, (max-width: 869px) 100vw, 869px\" \/><\/figure>\n\n\n\n<div style=\"height:9px\" aria-hidden=\"true\" class=\"wp-block-spacer\"><\/div>\n\n\n\n<h5 class=\"wp-block-heading\" id=\"bildbeschreibung\">En 1834, Ignacio Larra\u00f1aga fund\u00f3 su primera f\u00e1brica de cigarros en una de esas peque\u00f1as casas, entonces la calle O'Reilly n\u00ba 94, en una buena ubicaci\u00f3n en lo que hoy es el centro hist\u00f3rico de La Habana.<\/h5>\n\n\n\n<div style=\"height:35px\" aria-hidden=\"true\" class=\"wp-block-spacer\"><\/div>\n\n\n\n<h2 class=\"wp-block-heading\" id=\"die-legendare-marke\">La marca legendaria<\/h2>\n\n\n\n<p>A finales del siglo XIX, a m\u00e1s tardar, la historia de Por Larra\u00f1aga era sin\u00f3nimo de puro lujo. Antonio Rivero compr\u00f3 la marca en 1882; durante muchas d\u00e9cadas, la producci\u00f3n se llev\u00f3 a cabo en la calle Belascoa\u00edn 2B, justo al lado de la famosa f\u00e1brica Romeo-y-Julieta. En el mundo de los puros de alta calidad, Por Larra\u00f1aga fue considerada en sus inicios como una marca de primera categor\u00eda, y su nombre a\u00fan resuena hoy en d\u00eda. Despu\u00e9s de 1900, la viuda de Antonio Rivero, Antonia L\u00f3pez, continu\u00f3 dirigiendo la marca con gran \u00e9xito.<\/p>\n\n\n\n<div style=\"height:35px\" aria-hidden=\"true\" class=\"wp-block-spacer\"><\/div>\n\n\n\n<figure class=\"wp-block-image size-full\"><img loading=\"lazy\" decoding=\"async\" width=\"727\" height=\"1000\" src=\"https:\/\/origin-of-cigar.com\/wp-content\/uploads\/2025\/12\/OOC-Por-Larranaga-3-Bela-2.jpg\" alt=\"Esta foto muestra a Antonio Rivero en su lujoso despacho de la f\u00e1brica Por Larra\u00f1aga, en la calle Belascoain n\u00ba 2B. \u00c9l, al igual que su esposa (m\u00e1s tarde viuda) Antonia L\u00f3pez, dirigieron la marca con un \u00e9xito arrollador. Historia de Por Larra\u00f1aga\" class=\"wp-image-1871\" srcset=\"https:\/\/origin-of-cigar.com\/wp-content\/uploads\/2025\/12\/OOC-Por-Larranaga-3-Bela-2.jpg 727w, https:\/\/origin-of-cigar.com\/wp-content\/uploads\/2025\/12\/OOC-Por-Larranaga-3-Bela-2-218x300.jpg 218w, https:\/\/origin-of-cigar.com\/wp-content\/uploads\/2025\/12\/OOC-Por-Larranaga-3-Bela-2-9x12.jpg 9w, https:\/\/origin-of-cigar.com\/wp-content\/uploads\/2025\/12\/OOC-Por-Larranaga-3-Bela-2-624x858.jpg 624w\" sizes=\"auto, (max-width: 727px) 100vw, 727px\" \/><\/figure>\n\n\n\n<div style=\"height:9px\" aria-hidden=\"true\" class=\"wp-block-spacer\"><\/div>\n\n\n\n<h5 class=\"wp-block-heading\" id=\"bildbeschreibung\">Esta foto muestra a Antonio Rivero en su lujoso despacho de la f\u00e1brica Por Larra\u00f1aga, en la calle Belascoain n\u00ba 2B. \u00c9l, al igual que su esposa (m\u00e1s tarde viuda) Antonia L\u00f3pez, dirigi\u00f3 la marca con un \u00e9xito arrollador.<\/h5>\n\n\n\n<div style=\"height:35px\" aria-hidden=\"true\" class=\"wp-block-spacer\"><\/div>\n\n\n\n<h2 class=\"wp-block-heading\" id=\"cigarre-par-excellence-die-grosse-buhne\">\u201eCigarros por excelencia\u201c - el gran escenario<\/h2>\n\n\n\n<p>Hacia 1900, la historia de Por Larra\u00f1aga era mundial: en Berl\u00edn, Par\u00eds, Londres, San Petersburgo y Viena, era conocido como el \u201epuro por excelencia\u201c; se pod\u00eda encontrar en los mejores hoteles, clubes y restaurantes de los cinco continentes. El libro \u201eHavana Cigars\u201c (1910) lleg\u00f3 a describirlo como la marca de cigarros m\u00e1s importante de todas. En la India, China y Jap\u00f3n se le ten\u00eda en especial estima: se dice que pr\u00edncipes y maharaj\u00e1s fumaban exclusivamente Por Larra\u00f1aga. Numerosos premios realzaron su estatus y se atribuy\u00f3 a la marca el m\u00e9rito de haber hecho realmente famoso al \u201eHabano\u201c.&nbsp;<\/p>\n\n\n\n<div style=\"height:35px\" aria-hidden=\"true\" class=\"wp-block-spacer\"><\/div>\n\n\n\n<figure class=\"wp-block-image size-full\"><img loading=\"lazy\" decoding=\"async\" width=\"1000\" height=\"665\" src=\"https:\/\/origin-of-cigar.com\/wp-content\/uploads\/2025\/12\/OOC-Por-Larranaga-3-Bela-1.jpg\" alt=\"Antonio Rivero se hizo cargo de la marca Por Larra\u00f1aga en 1880 y la volvi\u00f3 a registrar oficialmente a su nombre en 1882. A partir de entonces, los cigarros se fabricaron en la calle Belascoain n\u00ba 2B, edificio vecino de la que m\u00e1s tarde ser\u00eda la famosa f\u00e1brica de Romeo y Julieta (en el extremo derecho de la imagen). Historia de Por Larra\u00f1aga\" class=\"wp-image-1870\" srcset=\"https:\/\/origin-of-cigar.com\/wp-content\/uploads\/2025\/12\/OOC-Por-Larranaga-3-Bela-1.jpg 1000w, https:\/\/origin-of-cigar.com\/wp-content\/uploads\/2025\/12\/OOC-Por-Larranaga-3-Bela-1-300x200.jpg 300w, https:\/\/origin-of-cigar.com\/wp-content\/uploads\/2025\/12\/OOC-Por-Larranaga-3-Bela-1-768x511.jpg 768w, https:\/\/origin-of-cigar.com\/wp-content\/uploads\/2025\/12\/OOC-Por-Larranaga-3-Bela-1-18x12.jpg 18w, https:\/\/origin-of-cigar.com\/wp-content\/uploads\/2025\/12\/OOC-Por-Larranaga-3-Bela-1-624x415.jpg 624w\" sizes=\"auto, (max-width: 1000px) 100vw, 1000px\" \/><\/figure>\n\n\n\n<div style=\"height:9px\" aria-hidden=\"true\" class=\"wp-block-spacer\"><\/div>\n\n\n\n<h5 class=\"wp-block-heading\" id=\"bildbeschreibung\">Antonio Rivero se hizo cargo de la marca Por Larra\u00f1aga en 1880 y la volvi\u00f3 a registrar oficialmente a su nombre en 1882. A partir de entonces, los cigarros se fabricaron en la calle Belascoain n\u00ba 2B, edificio vecino de la posteriormente famosa f\u00e1brica de Romeo y Julieta (extremo derecho de la imagen).<\/h5>\n\n\n\n<div style=\"height:35px\" aria-hidden=\"true\" class=\"wp-block-spacer\"><\/div>\n\n\n\n<h2 class=\"wp-block-heading\" id=\"kipling-und-there-is-peace-in-a-larranaga\">Kipling y \u201eHay paz en un Larra\u00f1aga\u201c<\/h2>\n\n\n\n<p>Entre sus grandes admiradores se encontraba Rudyard Kipling, autor de \u201eEl libro de la selva\u201c, maestro del relato corto (<em>El hombre que quiso ser rey<\/em>Su frase \u201eHay paz en un Larra\u00f1aga\u201c se hizo legendaria. En una publicaci\u00f3n conmemorativa del centenario de Partag\u00e1s (1945), se dice tambi\u00e9n que Kipling lleg\u00f3 a romper un compromiso despu\u00e9s de que su pareja le diera a elegir: Los puros o yo\". La an\u00e9cdota -sea cierta o bien inventada- forma parte de la historia de Por Larra\u00f1aga desde hace mucho tiempo.&nbsp;<\/p>\n\n\n\n<div style=\"height:35px\" aria-hidden=\"true\" class=\"wp-block-spacer\"><\/div>\n\n\n\n<figure class=\"wp-block-image size-full\"><img loading=\"lazy\" decoding=\"async\" width=\"960\" height=\"1113\" src=\"https:\/\/origin-of-cigar.com\/wp-content\/uploads\/2025\/12\/OOC-Por-Larranaga-0-Bild-3-Kipling.jpg\" alt=\"\u201eHay paz en un Larra\u00f1aga\u201c, como dijo el famoso escritor Rudyard Kipling, aficionado a estos puros. Historia de Por Larra\u00f1aga\" class=\"wp-image-1866\" srcset=\"https:\/\/origin-of-cigar.com\/wp-content\/uploads\/2025\/12\/OOC-Por-Larranaga-0-Bild-3-Kipling.jpg 960w, https:\/\/origin-of-cigar.com\/wp-content\/uploads\/2025\/12\/OOC-Por-Larranaga-0-Bild-3-Kipling-259x300.jpg 259w, https:\/\/origin-of-cigar.com\/wp-content\/uploads\/2025\/12\/OOC-Por-Larranaga-0-Bild-3-Kipling-883x1024.jpg 883w, https:\/\/origin-of-cigar.com\/wp-content\/uploads\/2025\/12\/OOC-Por-Larranaga-0-Bild-3-Kipling-768x890.jpg 768w, https:\/\/origin-of-cigar.com\/wp-content\/uploads\/2025\/12\/OOC-Por-Larranaga-0-Bild-3-Kipling-10x12.jpg 10w, https:\/\/origin-of-cigar.com\/wp-content\/uploads\/2025\/12\/OOC-Por-Larranaga-0-Bild-3-Kipling-624x723.jpg 624w\" sizes=\"auto, (max-width: 960px) 100vw, 960px\" \/><\/figure>\n\n\n\n<div style=\"height:9px\" aria-hidden=\"true\" class=\"wp-block-spacer\"><\/div>\n\n\n\n<h5 class=\"wp-block-heading\" id=\"bildbeschreibung\">\u201eHay paz en un Larra\u00f1aga\u201c, como dijo el famoso escritor Rudyard Kipling, aficionado a estos puros.<\/h5>\n\n\n\n<div style=\"height:35px\" aria-hidden=\"true\" class=\"wp-block-spacer\"><\/div>\n\n\n\n<h2 class=\"wp-block-heading\" id=\"unabhangig-trotz-amerikanischem-monopol\">Independiente a pesar del monopolio estadounidense<\/h2>\n\n\n\n<p>Alrededor de 1900, Por Larra\u00f1aga encabezaba la lista de marcas y f\u00e1bricas independientes de Cuba, independientes del monopolio estadounidense, que en aquella \u00e9poca estaba comprando y centralizando gran parte de la industria. La historia de Por Larra\u00f1aga muestra un raro grado de independencia en un periodo de intensa consolidaci\u00f3n. Por Larra\u00f1aga siempre ha tenido sus admiradores; uno de los m\u00e1s destacados es Theodore Roosevelt (Presidente de EE UU entre 1901 y 1909), que vino a La Habana especialmente para ver d\u00f3nde se hac\u00edan sus puros favoritos.&nbsp;<\/p>\n\n\n\n<div style=\"height:35px\" aria-hidden=\"true\" class=\"wp-block-spacer\"><\/div>\n\n\n\n<figure class=\"wp-block-image size-full\"><img loading=\"lazy\" decoding=\"async\" width=\"960\" height=\"1267\" src=\"https:\/\/origin-of-cigar.com\/wp-content\/uploads\/2025\/12\/OOC-Por-Larranaga-0-Bild-4-Roosevelt.jpg\" alt=\"A Theodor \u201cTeddy\u201d Roosevelt, presidente estadounidense, tambi\u00e9n le gustaban los puros de la marca Por Larra\u00f1aga. Historia de Por Larra\u00f1aga\" class=\"wp-image-1867\" srcset=\"https:\/\/origin-of-cigar.com\/wp-content\/uploads\/2025\/12\/OOC-Por-Larranaga-0-Bild-4-Roosevelt.jpg 960w, https:\/\/origin-of-cigar.com\/wp-content\/uploads\/2025\/12\/OOC-Por-Larranaga-0-Bild-4-Roosevelt-227x300.jpg 227w, https:\/\/origin-of-cigar.com\/wp-content\/uploads\/2025\/12\/OOC-Por-Larranaga-0-Bild-4-Roosevelt-776x1024.jpg 776w, https:\/\/origin-of-cigar.com\/wp-content\/uploads\/2025\/12\/OOC-Por-Larranaga-0-Bild-4-Roosevelt-768x1014.jpg 768w, https:\/\/origin-of-cigar.com\/wp-content\/uploads\/2025\/12\/OOC-Por-Larranaga-0-Bild-4-Roosevelt-9x12.jpg 9w, https:\/\/origin-of-cigar.com\/wp-content\/uploads\/2025\/12\/OOC-Por-Larranaga-0-Bild-4-Roosevelt-624x824.jpg 624w\" sizes=\"auto, (max-width: 960px) 100vw, 960px\" \/><\/figure>\n\n\n\n<div style=\"height:9px\" aria-hidden=\"true\" class=\"wp-block-spacer\"><\/div>\n\n\n\n<h5 class=\"wp-block-heading\" id=\"bildbeschreibung\">A Theodor \u201cTeddy\u201d Roosevelt, presidente estadounidense, tambi\u00e9n le gustaban los puros de la marca Por Larra\u00f1aga.<\/h5>\n\n\n\n<div style=\"height:35px\" aria-hidden=\"true\" class=\"wp-block-spacer\"><\/div>\n\n\n\n<h2 class=\"wp-block-heading\" id=\"eigentumerwechsel-und-die-jahre-bis-zur-revolution\">Cambio de propietario y a\u00f1os previos a la revoluci\u00f3n<\/h2>\n\n\n\n<p>Las guerras mundiales dejaron su huella. Los herederos de Rivero mantuvieron la marca y la f\u00e1brica hasta 1937, a\u00f1o en que fue vendida a la Compa\u00f1\u00eda Tabacalera Nacional Habana S.A. -ese mismo a\u00f1o, Antilla Cigars Co, empresa brit\u00e1nica propiedad de Morris &amp; Morris con sede en Nueva York, se hizo con el control-. Seg\u00fan el registro mercantil de 1940, la f\u00e1brica de Carlos III (entonces n\u00ba 225, ahora n\u00ba 713) produc\u00eda otras numerosas marcas adem\u00e1s de Por Larra\u00f1aga, entre ellas Habanos 1834, La Legitimidad, La Gloria, La Atlanta, El Torcillo, Flor de Cimiente, Flor de Zavo, La Flor de Alvarez, Petronio y La Fraternidad. La f\u00e1brica estuvo en funcionamiento hasta 2004 -pero fue la sede de la marca a partir de 1937- y en ella trabajaron, entre otros, Gonzalo R. de Arellano, los hermanos Alonso y Jos\u00e9 y Adolfo Men\u00e9ndez Garc\u00eda. En 1958 -justo antes de la revoluci\u00f3n- Por Larra\u00f1aga S.A. era la sexta f\u00e1brica de cigarros de Cuba, con una producci\u00f3n anual de 3,8 millones de puros.&nbsp;<\/p>\n\n\n\n<div style=\"height:35px\" aria-hidden=\"true\" class=\"wp-block-spacer\"><\/div>\n\n\n\n<figure class=\"wp-block-image size-full\"><img loading=\"lazy\" decoding=\"async\" width=\"1000\" height=\"665\" src=\"https:\/\/origin-of-cigar.com\/wp-content\/uploads\/2025\/12\/OOC-Por-Larranaga-4-Carlos-1.jpg\" alt=\"Probablemente la f\u00e1brica m\u00e1s famosa de la marca Por Larra\u00f1aga, en la calle Carlos III n\u00ba 713 (antiguo 225). El edificio sigue en pie en la actualidad. Historia de Por Larra\u00f1aga\" class=\"wp-image-1872\" srcset=\"https:\/\/origin-of-cigar.com\/wp-content\/uploads\/2025\/12\/OOC-Por-Larranaga-4-Carlos-1.jpg 1000w, https:\/\/origin-of-cigar.com\/wp-content\/uploads\/2025\/12\/OOC-Por-Larranaga-4-Carlos-1-300x200.jpg 300w, https:\/\/origin-of-cigar.com\/wp-content\/uploads\/2025\/12\/OOC-Por-Larranaga-4-Carlos-1-768x511.jpg 768w, https:\/\/origin-of-cigar.com\/wp-content\/uploads\/2025\/12\/OOC-Por-Larranaga-4-Carlos-1-18x12.jpg 18w, https:\/\/origin-of-cigar.com\/wp-content\/uploads\/2025\/12\/OOC-Por-Larranaga-4-Carlos-1-624x415.jpg 624w\" sizes=\"auto, (max-width: 1000px) 100vw, 1000px\" \/><\/figure>\n\n\n\n<div style=\"height:9px\" aria-hidden=\"true\" class=\"wp-block-spacer\"><\/div>\n\n\n\n<h5 class=\"wp-block-heading\" id=\"bildbeschreibung\">Probablemente la f\u00e1brica m\u00e1s famosa de la marca Por Larra\u00f1aga, en la calle Carlos III n\u00ba 713 (antiguo 225). El edificio sigue en pie en la actualidad.<\/h5>\n\n\n\n<div style=\"height:35px\" aria-hidden=\"true\" class=\"wp-block-spacer\"><\/div>\n\n\n\n<h2 class=\"wp-block-heading\" id=\"ein-haus-erzahlt-geschichte-architektur-und-schriftzug\">Una casa cuenta una historia - arquitectura y rotulaci\u00f3n<\/h2>\n\n\n\n<p>El a\u00f1o de construcci\u00f3n de la f\u00e1brica de la calle Carlos III no est\u00e1 documentado. Hasta hace unos a\u00f1os, en la puerta de entrada figuraba la inscripci\u00f3n \u201eEstablecida 1834\u201c, que con toda probabilidad no era el a\u00f1o de construcci\u00f3n, sino una marca comercial. La placa desapareci\u00f3 en el curso de la renovaci\u00f3n; la puerta blanca permaneci\u00f3, pero falta el tope. Arquitect\u00f3nicamente, la casa es impresionante, con seis altos arcos de medio punto en la planta baja, altas ventanas rectangulares en el primer piso y un front\u00f3n redondo. Si te fijas bien, a\u00fan se pueden reconocer los restos de la inscripci\u00f3n \u201ePor Larra\u00f1aga\u201c en el front\u00f3n; la placa no se modific\u00f3.&nbsp;<\/p>\n\n\n\n<div style=\"height:35px\" aria-hidden=\"true\" class=\"wp-block-spacer\"><\/div>\n\n\n\n<figure class=\"wp-block-image size-full\"><img loading=\"lazy\" decoding=\"async\" width=\"1000\" height=\"423\" src=\"https:\/\/origin-of-cigar.com\/wp-content\/uploads\/2025\/12\/OOC-Por-Larranaga-4-Carlos-2.jpg\" alt=\"En la puerta de la f\u00e1brica de Por Larra\u00f1aga hab\u00eda un cartel que indicaba el a\u00f1o de fundaci\u00f3n de la marca: 1834. Historia de Por Larra\u00f1aga\" class=\"wp-image-1873\" srcset=\"https:\/\/origin-of-cigar.com\/wp-content\/uploads\/2025\/12\/OOC-Por-Larranaga-4-Carlos-2.jpg 1000w, https:\/\/origin-of-cigar.com\/wp-content\/uploads\/2025\/12\/OOC-Por-Larranaga-4-Carlos-2-300x127.jpg 300w, https:\/\/origin-of-cigar.com\/wp-content\/uploads\/2025\/12\/OOC-Por-Larranaga-4-Carlos-2-768x325.jpg 768w, https:\/\/origin-of-cigar.com\/wp-content\/uploads\/2025\/12\/OOC-Por-Larranaga-4-Carlos-2-18x8.jpg 18w, https:\/\/origin-of-cigar.com\/wp-content\/uploads\/2025\/12\/OOC-Por-Larranaga-4-Carlos-2-624x264.jpg 624w\" sizes=\"auto, (max-width: 1000px) 100vw, 1000px\" \/><\/figure>\n\n\n\n<div style=\"height:9px\" aria-hidden=\"true\" class=\"wp-block-spacer\"><\/div>\n\n\n\n<h5 class=\"wp-block-heading\" id=\"bildbeschreibung\">En la puerta de la f\u00e1brica Por Larra\u00f1aga hab\u00eda un cartel que indicaba el a\u00f1o de fundaci\u00f3n de la marca: 1834.<\/h5>\n\n\n\n<div style=\"height:35px\" aria-hidden=\"true\" class=\"wp-block-spacer\"><\/div>\n\n\n\n<h2 class=\"wp-block-heading\" id=\"schliessung-leerstand-sanierung-und-ein-neues-rosa\">Cierre, desocupaci\u00f3n, renovaci\u00f3n... y una nueva Rosa<\/h2>\n\n\n\n<p>La calle Carlos III conmemora al rey espa\u00f1ol (1759-1788); hoy se llama avenida Salvador Allende, aunque el antiguo nombre de la calle a\u00fan se puede ver en antiguos carteles. El edificio hace esquina con la calle \u00c1rbol Seco.<\/p>\n\n\n\n<p>La f\u00e1brica cerr\u00f3 en 2004, presumiblemente por deterioro; el edificio permaneci\u00f3 vac\u00edo hasta 2011. Como es habitual en La Habana, un anciano o anciana custodiaba el edificio frente a la puerta. En el verano de 2011, el interior fue completamente vaciado; al mismo tiempo, se hicieron esfuerzos para preservar restos de la antigua belleza. Desde 2012, el edificio se ha renovado por completo en un color rosa brillante; junto a la entrada cuelga el cartel \u201eComit\u00e9 militar C. Habana; \u00c1rea de Atenci\u00f3n n\u00ba 12\u201c. Se han perdido algunos de los detalles originales, como las rejas curvas entre las columnas o las antiguas rejas de las ventanas, que se han sustituido por versiones m\u00e1s sencillas.&nbsp;<\/p>\n\n\n\n<div style=\"height:35px\" aria-hidden=\"true\" class=\"wp-block-spacer\"><\/div>\n\n\n\n<figure class=\"wp-block-image size-full\"><img loading=\"lazy\" decoding=\"async\" width=\"1000\" height=\"664\" src=\"https:\/\/origin-of-cigar.com\/wp-content\/uploads\/2025\/12\/OOC-Por-Larranaga-4-Carlos-4.jpg\" alt=\"Este r\u00f3tulo se encuentra en el front\u00f3n de la antigua f\u00e1brica Por Larra\u00f1aga. Si se tiene buen ojo, a\u00fan se pueden reconocer las letras de la marca. Historia de Por Larra\u00f1aga\" class=\"wp-image-1875\" srcset=\"https:\/\/origin-of-cigar.com\/wp-content\/uploads\/2025\/12\/OOC-Por-Larranaga-4-Carlos-4.jpg 1000w, https:\/\/origin-of-cigar.com\/wp-content\/uploads\/2025\/12\/OOC-Por-Larranaga-4-Carlos-4-300x199.jpg 300w, https:\/\/origin-of-cigar.com\/wp-content\/uploads\/2025\/12\/OOC-Por-Larranaga-4-Carlos-4-768x510.jpg 768w, https:\/\/origin-of-cigar.com\/wp-content\/uploads\/2025\/12\/OOC-Por-Larranaga-4-Carlos-4-18x12.jpg 18w, https:\/\/origin-of-cigar.com\/wp-content\/uploads\/2025\/12\/OOC-Por-Larranaga-4-Carlos-4-624x414.jpg 624w\" sizes=\"auto, (max-width: 1000px) 100vw, 1000px\" \/><\/figure>\n\n\n\n<div style=\"height:9px\" aria-hidden=\"true\" class=\"wp-block-spacer\"><\/div>\n\n\n\n<h5 class=\"wp-block-heading\" id=\"bildbeschreibung\">Este r\u00f3tulo se encuentra en el front\u00f3n de la antigua f\u00e1brica Por Larra\u00f1aga. Con buen ojo, a\u00fan se pueden reconocer las letras de la marca.<\/h5>\n\n\n\n<div style=\"height:35px\" aria-hidden=\"true\" class=\"wp-block-spacer\"><\/div>\n\n\n\n<h2 class=\"wp-block-heading\" id=\"luxus-und-low-budget-die-linie-entredias\">Lujo y bajo presupuesto: la l\u00ednea Entred\u00edas<\/h2>\n\n\n\n<p>Paralelamente a los cigarros de lujo, la historia de Por Larra\u00f1aga tambi\u00e9n contaba con una segunda l\u00ednea: Entred\u00edas (de d\u00eda\/durante el d\u00eda) - muy barata, ofrecida a \u201e5 por 20 c\u00e9ntimos\u201c. Estos mundos paralelos eran habituales en la \u00e9poca: adem\u00e1s de los cigarros de lujo, las grandes casas ten\u00edan l\u00edneas de cigarrillos o cigarros baratos hechos a m\u00e1quina, con lo que abastec\u00edan a todo el mercado.&nbsp;<\/p>\n\n\n\n<div style=\"height:35px\" aria-hidden=\"true\" class=\"wp-block-spacer\"><\/div>\n\n\n\n<figure class=\"wp-block-image size-full\"><img loading=\"lazy\" decoding=\"async\" width=\"1000\" height=\"769\" src=\"https:\/\/origin-of-cigar.com\/wp-content\/uploads\/2025\/12\/OOC-Por-Larranaga-4-Carlos-9.jpg\" alt=\"He aqu\u00ed una foto hist\u00f3rica de la antigua f\u00e1brica Por Larra\u00f1aga en la Carlos III de La Habana. Historia de Por Larra\u00f1aga\" class=\"wp-image-1880\" srcset=\"https:\/\/origin-of-cigar.com\/wp-content\/uploads\/2025\/12\/OOC-Por-Larranaga-4-Carlos-9.jpg 1000w, https:\/\/origin-of-cigar.com\/wp-content\/uploads\/2025\/12\/OOC-Por-Larranaga-4-Carlos-9-300x231.jpg 300w, https:\/\/origin-of-cigar.com\/wp-content\/uploads\/2025\/12\/OOC-Por-Larranaga-4-Carlos-9-768x591.jpg 768w, https:\/\/origin-of-cigar.com\/wp-content\/uploads\/2025\/12\/OOC-Por-Larranaga-4-Carlos-9-16x12.jpg 16w, https:\/\/origin-of-cigar.com\/wp-content\/uploads\/2025\/12\/OOC-Por-Larranaga-4-Carlos-9-624x480.jpg 624w\" sizes=\"auto, (max-width: 1000px) 100vw, 1000px\" \/><\/figure>\n\n\n\n<div style=\"height:9px\" aria-hidden=\"true\" class=\"wp-block-spacer\"><\/div>\n\n\n\n<h5 class=\"wp-block-heading\" id=\"bildbeschreibung\">He aqu\u00ed una foto hist\u00f3rica de la antigua f\u00e1brica Por Larra\u00f1aga en la Carlos III de La Habana.<\/h5>\n\n\n\n<div style=\"height:35px\" aria-hidden=\"true\" class=\"wp-block-spacer\"><\/div>\n\n\n\n<h2 class=\"wp-block-heading\" id=\"nach-der-revolution-was-blieb-was-heute-ist\">Despu\u00e9s de la revoluci\u00f3n: lo que qued\u00f3, lo que es hoy<\/h2>\n\n\n\n<p>En los a\u00f1os que siguieron a la revoluci\u00f3n, la historia de Por Larra\u00f1aga cay\u00f3 en el olvido a pesar de su antigua fama. S\u00f3lo algunos importadores en unos pocos pa\u00edses mantienen la marca hasta nuestros d\u00edas. La gama de formatos tambi\u00e9n se ha reducido considerablemente: Montecarlos, Panetelas y Petit Coronas son las l\u00edneas actuales, una reminiscencia breve pero con car\u00e1cter del gran pasado.&nbsp;<\/p>\n\n\n\n<div style=\"height:35px\" aria-hidden=\"true\" class=\"wp-block-spacer\"><\/div>\n\n\n\n<figure class=\"wp-block-image size-full\"><img loading=\"lazy\" decoding=\"async\" width=\"1000\" height=\"750\" src=\"https:\/\/origin-of-cigar.com\/wp-content\/uploads\/2025\/12\/OOC-Por-Larranaga-4-Carlos-6.jpg\" alt=\"El edificio de la antigua f\u00e1brica Por Larra\u00f1aga ha sido completamente renovado desde 2012. Ahora luce un suave color rosa. No se sabe si este es el color que ten\u00eda antes el edificio. Las fotos en blanco y negro no lo muestran. Historia de Por Larra\u00f1aga\" class=\"wp-image-1877\" srcset=\"https:\/\/origin-of-cigar.com\/wp-content\/uploads\/2025\/12\/OOC-Por-Larranaga-4-Carlos-6.jpg 1000w, https:\/\/origin-of-cigar.com\/wp-content\/uploads\/2025\/12\/OOC-Por-Larranaga-4-Carlos-6-300x225.jpg 300w, https:\/\/origin-of-cigar.com\/wp-content\/uploads\/2025\/12\/OOC-Por-Larranaga-4-Carlos-6-768x576.jpg 768w, https:\/\/origin-of-cigar.com\/wp-content\/uploads\/2025\/12\/OOC-Por-Larranaga-4-Carlos-6-16x12.jpg 16w, https:\/\/origin-of-cigar.com\/wp-content\/uploads\/2025\/12\/OOC-Por-Larranaga-4-Carlos-6-624x468.jpg 624w\" sizes=\"auto, (max-width: 1000px) 100vw, 1000px\" \/><\/figure>\n\n\n\n<div style=\"height:9px\" aria-hidden=\"true\" class=\"wp-block-spacer\"><\/div>\n\n\n\n<h5 class=\"wp-block-heading\" id=\"bildbeschreibung\">El edificio de la antigua f\u00e1brica Por Larra\u00f1aga ha sido completamente renovado desde 2012. Ahora luce un suave color rosa. No se sabe si este es el color que ten\u00eda antes el edificio. Las fotos en blanco y negro no lo muestran.<\/h5>\n\n\n\n<div style=\"height:35px\" aria-hidden=\"true\" class=\"wp-block-spacer\"><\/div>\n\n\n\n<h2 class=\"wp-block-heading\" id=\"fazit-was-die-por-larranaga-geschichte-erzahlt\">Conclusi\u00f3n - Lo que nos cuenta la historia de Por Larra\u00f1aga<\/h2>\n\n\n\n<p>La historia de Por Larra\u00f1aga es un panorama de la historia del Habano: fundaci\u00f3n temprana, fama mundial, autonom\u00eda a pesar de las oleadas de monopolios, cambios de propiedad, una f\u00e1brica ic\u00f3nica entre nombres reales y presidenciales - y una marca que sigue viva incluso en una cartera reducida. Cualquiera que los conozca entender\u00e1 por qu\u00e9 \u201eHay paz en un Larra\u00f1aga\u201c sigue resonando hoy en d\u00eda.&nbsp;<\/p>\n\n\n\n<div style=\"height:35px\" aria-hidden=\"true\" class=\"wp-block-spacer\"><\/div>\n\n\n\n<figure class=\"wp-block-image size-full\"><img loading=\"lazy\" decoding=\"async\" width=\"1000\" height=\"827\" src=\"https:\/\/origin-of-cigar.com\/wp-content\/uploads\/2025\/12\/OOC-Por-Larranaga-0-Bild-1.jpg\" alt=\"Por Larra\u00f1aga, antiguamente una marca de lujo y mundialmente conocida por uno de los mejores puros del mundo. Historia de Por Larra\u00f1aga\" class=\"wp-image-1864\" srcset=\"https:\/\/origin-of-cigar.com\/wp-content\/uploads\/2025\/12\/OOC-Por-Larranaga-0-Bild-1.jpg 1000w, https:\/\/origin-of-cigar.com\/wp-content\/uploads\/2025\/12\/OOC-Por-Larranaga-0-Bild-1-300x248.jpg 300w, https:\/\/origin-of-cigar.com\/wp-content\/uploads\/2025\/12\/OOC-Por-Larranaga-0-Bild-1-768x635.jpg 768w, https:\/\/origin-of-cigar.com\/wp-content\/uploads\/2025\/12\/OOC-Por-Larranaga-0-Bild-1-15x12.jpg 15w, https:\/\/origin-of-cigar.com\/wp-content\/uploads\/2025\/12\/OOC-Por-Larranaga-0-Bild-1-624x516.jpg 624w\" sizes=\"auto, (max-width: 1000px) 100vw, 1000px\" \/><\/figure>\n\n\n\n<div style=\"height:9px\" aria-hidden=\"true\" class=\"wp-block-spacer\"><\/div>\n\n\n\n<h5 class=\"wp-block-heading\" id=\"bildbeschreibung\">Por Larra\u00f1aga, antigua marca de lujo y mundialmente conocida por uno de los mejores puros del mundo.<\/h5>\n\n\n\n<div style=\"height:35px\" aria-hidden=\"true\" class=\"wp-block-spacer\"><\/div>\n\n\n\n<h2 class=\"wp-block-heading\" id=\"hier-findest-du-die-partagas-manufaktur\">Aqu\u00ed encontrar\u00e1 la f\u00e1brica Por Larra\u00f1aga<\/h2>\n\n\n\n<p>Si la carpeta en vivo no funciona, <a href=\"https:\/\/maps.app.goo.gl\/5TyYtxgmXCGTV8Qp8\" target=\"_blank\" rel=\"noopener\">haga clic aqu\u00ed para Por Larra\u00f1aga Manufaktur<\/a>.<\/p>\n\n\n\n<div style=\"height:35px\" aria-hidden=\"true\" class=\"wp-block-spacer\"><\/div>\n\n\n\n<iframe src=\"https:\/\/www.google.com\/maps\/embed?pb=!1m17!1m12!1m3!1d1404.2780953736508!2d-82.37410743332207!3d23.130948375635064!2m3!1f0!2f0!3f0!3m2!1i1024!2i768!4f13.1!3m2!1m1!2zMjPCsDA3JzUxLjkiTiA4MsKwMjInMjUuOSJX!5e1!3m2!1sde!2sch!4v1764664617680!5m2!1sde!2sch\" width=\"600\" height=\"450\" style=\"border:0;\" allowfullscreen=\"\" loading=\"lazy\" referrerpolicy=\"no-referrer-when-downgrade\"><\/iframe>\n\n\n\n<div style=\"height:35px\" aria-hidden=\"true\" class=\"wp-block-spacer\"><\/div>\n\n\n\n<h3 class=\"wp-block-heading\" id=\"bildnachweis\">Cr\u00e9ditos de las im\u00e1genes<\/h3>\n\n\n\n<ul class=\"wp-block-list\">\n<li>Claudia Puszkar<\/li>\n\n\n\n<li>Rudyard Kipling, <a href=\"https:\/\/de.wikipedia.org\/wiki\/Rudyard_Kipling\" target=\"_blank\" rel=\"noopener\">Wikipedia<\/a><\/li>\n\n\n\n<li>Theodore \u201eTeddy\u201c Roosevelt, <a href=\"https:\/\/de.wikipedia.org\/wiki\/Theodore_Roosevelt\" target=\"_blank\" rel=\"noopener\">Wikipedia<\/a><\/li>\n\n\n\n<li>Adriano Mart\u00ednez Rius: <strong>\u201cLas grandes f\u00e1bricas de habanos\u201d, <\/strong>Barcelona 2005, ISBN: 84-609-4024-1<\/li>\n\n\n\n<li>Adrian Martinze Rius: <strong>\u201cEl Gran Libro del Habano\u201d, <\/strong>Barcelona 2010<\/li>\n\n\n\n<li>Foto de portada: Vasilij Ratej<\/li>\n<\/ul>\n\n\n\n<h2 class=\"wp-block-heading\" id=\"ressourcen-zum-thema\">Curado para usted<\/h2>\n\n\n\n<p><strong>Sitio web externo<\/strong>: <a href=\"https:\/\/www.habanos-club.de\/de\/\" target=\"_blank\" rel=\"noopener\">Vive el Club del Habano en Alemania<\/a><\/p>\n\n\n\n<p><strong>En Origen del Cigarro:<\/strong> <a href=\"#\">THE PLEASURE LETTER de Origin Of Cigar: Un correo electr\u00f3nico que celebra los placeres de la cultura del puro cubano.<\/a><\/p>\n\n\n\n<h2 class=\"wp-block-heading\">Documental sobre las f\u00e1bricas hist\u00f3ricas de Habanos<\/h2>\n\n\n\n<p>En esta pel\u00edcula, sus historias -y sus verdaderos rostros- se revelan sin concesiones. Es mucho m\u00e1s que un documental: es un viaje al alma de Cuba.&nbsp;<\/p>\n\n\n\n<figure class=\"wp-block-image size-full is-style-default\"><a href=\"https:\/\/origin-of-cigar.com\/es\/fabricas-historicas-de-habanos\/\"><img loading=\"lazy\" decoding=\"async\" width=\"1000\" height=\"563\" src=\"https:\/\/origin-of-cigar.com\/wp-content\/uploads\/2025\/11\/Habanos-Manufakturen-Cover-Film-2023.jpg\" alt=\"\" class=\"wp-image-1520\" srcset=\"https:\/\/origin-of-cigar.com\/wp-content\/uploads\/2025\/11\/Habanos-Manufakturen-Cover-Film-2023.jpg 1000w, https:\/\/origin-of-cigar.com\/wp-content\/uploads\/2025\/11\/Habanos-Manufakturen-Cover-Film-2023-300x169.jpg 300w, https:\/\/origin-of-cigar.com\/wp-content\/uploads\/2025\/11\/Habanos-Manufakturen-Cover-Film-2023-768x432.jpg 768w, https:\/\/origin-of-cigar.com\/wp-content\/uploads\/2025\/11\/Habanos-Manufakturen-Cover-Film-2023-18x10.jpg 18w, https:\/\/origin-of-cigar.com\/wp-content\/uploads\/2025\/11\/Habanos-Manufakturen-Cover-Film-2023-624x351.jpg 624w\" sizes=\"auto, (max-width: 1000px) 100vw, 1000px\" \/><\/a><\/figure>\n\n\n\n<div style=\"height:40px\" aria-hidden=\"true\" class=\"wp-block-spacer\"><\/div>\n\n\n\n<h2 class=\"wp-block-heading\">\u00bfQu\u00e9 hay en sus cajones?<\/h2>\n\n\n\n<p>Algunos cap\u00edtulos de la historia de los puros siguen en <strong>escondidos en cajones, archivos o colecciones privadas<\/strong>. \u00bfEs usted propietario de <strong>Registros, documentos o referencias a marcas de cigarros cubanos<\/strong>? \u00bfO sabe usted <strong>Fuentes<\/strong>, que pueda ayudar en la investigaci\u00f3n hist\u00f3rica? Env\u00edenos un correo electr\u00f3nico. <strong>Claudia Puszkar<\/strong> se pondr\u00e1 en contacto contigo personalmente y hablaremos de todo lo dem\u00e1s. Juntos podremos <strong>Sacar a la luz historias enterradas<\/strong>. \ud83d\udc49 <strong>admin@origin-of-cigar.com<\/strong><\/p>\n\n\n\n<h2 class=\"wp-block-heading\" id=\"neu-bei-kubanischen-zigarren-oder-tief-drin-\u2192-zu-den-haufigen-fragen-\u2192-zum-zigarren-glossar\">\u00bfEres nuevo en el mundo de los puros cubanos? \u00bfO est\u00e1s muy metido?<\/h2>\n\n\n\n<p><a href=\"https:\/\/origin-of-cigar.com\/es\/faq-puros-cubanos\/\" data-type=\"page\" data-id=\"912\">FAQ - Lea las preguntas m\u00e1s frecuentes<\/a><\/p>\n\n\n\n<p><a href=\"https:\/\/origin-of-cigar.com\/es\/glosario-de-puros-cubanos\/\">Abrir el glosario de puros cubanos<\/a><\/p>\n\n\n\n<h2 class=\"wp-block-heading\" id=\"wer-steckt-hinter-origin-of-cigar\">\u00bfQui\u00e9n est\u00e1 detr\u00e1s de Origin Of Cigar?<\/h2>\n\n\n\n<p>Qui\u00e9nes somos y c\u00f3mo puedes ponerte en contacto con nosotros \u2192 <a href=\"https:\/\/origin-of-cigar.com\/es\/pongase-en-contacto-con\/\" data-type=\"page\" data-id=\"90\">Haga clic aqu\u00ed<\/a><\/p>\n\n\n\n<div style=\"height:40px\" aria-hidden=\"true\" class=\"wp-block-spacer\"><\/div>\n\n\n\n<h2 class=\"wp-block-heading\" id=\"xxx-foto-galerie\">Galer\u00eda de fotos de Por Larra\u00f1aga<\/h2>\n\n\n\n<p>Si no ves la galer\u00eda de fotos, <a href=\"https:\/\/origin-of-cigar.com\/es\/fotos-de-larranaga\/\" data-type=\"page\" data-id=\"1894\">Haga clic aqu\u00ed para ver la galer\u00eda de fotos de Por Larra\u00f1aga<\/a><\/p>\n\n\n<style type=\"text\/css\">\n#foogallery-gallery-1892.fg-masonry .fg-item { width: 250px; }\n#foogallery-gallery-1892.fg-masonry { --fg-gutter: 10px; }<\/style>\n\t\t\t<div class=\"foogallery foogallery-container foogallery-masonry foogallery-lightbox-foogallery fg-center fg-masonry fg-ready fg-dark fg-border-medium fg-round-small fg-shadow-outline fg-loading-default fg-loaded-fade-in fg-hover-semi-zoomed fg-captions-bottom fg-hover-fade fg-hover-zoom4 fg-fixed\" id=\"foogallery-gallery-1892\" data-foogallery=\"{&quot;item&quot;:{&quot;showCaptionTitle&quot;:true,&quot;showCaptionDescription&quot;:true},&quot;lazy&quot;:true,&quot;template&quot;:{&quot;columnWidth&quot;:250,&quot;gutter&quot;:10}}\" data-foogallery-lightbox=\"{&quot;theme&quot;:&quot;fg-dark&quot;,&quot;thumbs&quot;:&quot;bottom&quot;,&quot;thumbsCaptions&quot;:false,&quot;thumbsBestFit&quot;:false,&quot;thumbsSmall&quot;:false,&quot;thumbsCaptionsAlign&quot;:&quot;default&quot;,&quot;info&quot;:&quot;bottom&quot;,&quot;infoVisible&quot;:true,&quot;infoOverlay&quot;:true,&quot;infoAlign&quot;:&quot;default&quot;,&quot;transition&quot;:&quot;fade&quot;,&quot;hoverButtons&quot;:false,&quot;fitMedia&quot;:false,&quot;noScrollbars&quot;:true,&quot;preserveButtonSpace&quot;:true,&quot;buttons&quot;:{&quot;fullscreen&quot;:true,&quot;info&quot;:true,&quot;thumbs&quot;:false},&quot;video&quot;:{&quot;autoPlay&quot;:true}}\" style=\"--fg-title-line-clamp: 1; --fg-description-line-clamp: 2;\" >\n\t\t<div class=\"fg-item fg-type-image fg-idle\"><figure class=\"fg-item-inner\"><a href=\"https:\/\/origin-of-cigar.com\/wp-content\/uploads\/2025\/12\/OOC-Por-Larranaga-0-Bild-1.jpg\" data-caption-desc=\"Por Larra\u00f1aga, ehemals eine Luxusmarke und weltweit ein Begriff f\u00fcr eine der besten Zigarren der Welt.\" data-attachment-id=\"1864\" data-type=\"image\" class=\"fg-thumb\"><span class=\"fg-image-wrap\"><img fetchpriority=\"high\" decoding=\"async\" alt=\"Por Larra\u00f1aga, antigua marca de lujo y mundialmente conocida por uno de los mejores puros del mundo.\" width=\"250\" height=\"207\" class=\"skip-lazy fg-image\" data-src-fg=\"https:\/\/origin-of-cigar.com\/wp-content\/uploads\/cache\/2025\/12\/OOC-Por-Larranaga-0-Bild-1\/292605058.jpg\" src=\"data:image\/svg+xml,%3Csvg%20xmlns%3D%22http%3A%2F%2Fwww.w3.org%2F2000%2Fsvg%22%20width%3D%22250%22%20height%3D%22207%22%20viewBox%3D%220%200%20250%20207%22%3E%3C%2Fsvg%3E\" loading=\"eager\"><\/span><span class=\"fg-image-overlay\"><\/span><\/a><figcaption class=\"fg-caption\"><div class=\"fg-caption-inner\"><div class=\"fg-caption-desc\">Por Larra\u00f1aga, antigua marca de lujo y mundialmente conocida por uno de los mejores puros del mundo.<\/div><\/div><\/figcaption><\/figure><div class=\"fg-loader\"><\/div><\/div><div class=\"fg-item fg-type-image fg-idle\"><figure class=\"fg-item-inner\"><a href=\"https:\/\/origin-of-cigar.com\/wp-content\/uploads\/2025\/12\/OOC-Por-Larranaga-0-Bild-2.jpg\" data-caption-desc=\"Dies das vereinfachte Logo der Marke Por Larra\u00f1aga. Der Schriftzug, darunter der Zweig mit paarig angeordneten Bl\u00e4ttern. Es findet sich kein Hinweis darauf, welchen Baum oder Strauch dies darstellen soll.\" data-attachment-id=\"1865\" data-type=\"image\" class=\"fg-thumb\"><span class=\"fg-image-wrap\"><img decoding=\"async\" alt=\"Este es el logotipo simplificado de la marca Por Larra\u00f1aga. Las letras, debajo de la rama con hojas dispuestas de dos en dos. No se indica qu\u00e9 \u00e1rbol o arbusto se supone que representa.\" width=\"250\" height=\"177\" class=\"skip-lazy fg-image\" data-src-fg=\"https:\/\/origin-of-cigar.com\/wp-content\/uploads\/cache\/2025\/12\/OOC-Por-Larranaga-0-Bild-2\/1771142323.jpg\" src=\"data:image\/svg+xml,%3Csvg%20xmlns%3D%22http%3A%2F%2Fwww.w3.org%2F2000%2Fsvg%22%20width%3D%22250%22%20height%3D%22177%22%20viewBox%3D%220%200%20250%20177%22%3E%3C%2Fsvg%3E\" loading=\"eager\"><\/span><span class=\"fg-image-overlay\"><\/span><\/a><figcaption class=\"fg-caption\"><div class=\"fg-caption-inner\"><div class=\"fg-caption-desc\">Este es el logotipo simplificado de la marca Por Larra\u00f1aga. Las letras, debajo de la rama con hojas dispuestas de dos en dos. No se indica qu\u00e9 \u00e1rbol o arbusto se supone que representa.<\/div><\/div><\/figcaption><\/figure><div class=\"fg-loader\"><\/div><\/div><div class=\"fg-item fg-type-image fg-idle\"><figure class=\"fg-item-inner\"><a href=\"https:\/\/origin-of-cigar.com\/wp-content\/uploads\/2025\/12\/OOC-Por-Larranaga-0-Bild-3-Kipling.jpg\" data-caption-desc=\"\u201eThere is peace in a Larra\u00f1aga\u201c, so der ber\u00fchmte Ausspruch des Weltautors Rudyard Kipling, ein Fan dieser Zigarren.\" data-attachment-id=\"1866\" data-type=\"image\" class=\"fg-thumb\"><span class=\"fg-image-wrap\"><img decoding=\"async\" alt=\"\u201eHay paz en un Larra\u00f1aga\u201c, como dijo el famoso escritor Rudyard Kipling, aficionado a estos puros.\" width=\"250\" height=\"290\" class=\"skip-lazy fg-image\" data-src-fg=\"https:\/\/origin-of-cigar.com\/wp-content\/uploads\/cache\/2025\/12\/OOC-Por-Larranaga-0-Bild-3-Kipling\/4249792026.jpg\" src=\"data:image\/svg+xml,%3Csvg%20xmlns%3D%22http%3A%2F%2Fwww.w3.org%2F2000%2Fsvg%22%20width%3D%22250%22%20height%3D%22290%22%20viewBox%3D%220%200%20250%20290%22%3E%3C%2Fsvg%3E\" loading=\"eager\"><\/span><span class=\"fg-image-overlay\"><\/span><\/a><figcaption class=\"fg-caption\"><div class=\"fg-caption-inner\"><div class=\"fg-caption-desc\">\u201eHay paz en un Larra\u00f1aga\u201c, como dijo el famoso escritor Rudyard Kipling, aficionado a estos puros.<\/div><\/div><\/figcaption><\/figure><div class=\"fg-loader\"><\/div><\/div><div class=\"fg-item fg-type-image fg-idle\"><figure class=\"fg-item-inner\"><a href=\"https:\/\/origin-of-cigar.com\/wp-content\/uploads\/2025\/12\/OOC-Por-Larranaga-0-Bild-4-Roosevelt.jpg\" data-caption-desc=\"Auch Theodor \u201cTeddy\u201d Roosevelt, amerikanischer Pr\u00e4sident, liebte die Zigarren der Marke Por Larra\u00f1aga.\" data-attachment-id=\"1867\" data-type=\"image\" class=\"fg-thumb\"><span class=\"fg-image-wrap\"><img decoding=\"async\" alt=\"A Theodor \u201cTeddy\u201d Roosevelt, presidente estadounidense, tambi\u00e9n le gustaban los puros de la marca Por Larra\u00f1aga.\" width=\"250\" height=\"330\" class=\"skip-lazy fg-image\" data-src-fg=\"https:\/\/origin-of-cigar.com\/wp-content\/uploads\/cache\/2025\/12\/OOC-Por-Larranaga-0-Bild-4-Roosevelt\/195837299.jpg\" src=\"data:image\/svg+xml,%3Csvg%20xmlns%3D%22http%3A%2F%2Fwww.w3.org%2F2000%2Fsvg%22%20width%3D%22250%22%20height%3D%22330%22%20viewBox%3D%220%200%20250%20330%22%3E%3C%2Fsvg%3E\" loading=\"eager\"><\/span><span class=\"fg-image-overlay\"><\/span><\/a><figcaption class=\"fg-caption\"><div class=\"fg-caption-inner\"><div class=\"fg-caption-desc\">A Theodor \u201cTeddy\u201d Roosevelt, presidente estadounidense, tambi\u00e9n le gustaban los puros de la marca Por Larra\u00f1aga.<\/div><\/div><\/figcaption><\/figure><div class=\"fg-loader\"><\/div><\/div><div class=\"fg-item fg-type-image fg-idle\"><figure class=\"fg-item-inner\"><a href=\"https:\/\/origin-of-cigar.com\/wp-content\/uploads\/2025\/12\/OOC-Por-Larranaga-1-Reilly-1.jpg\" data-caption-desc=\"In einem solchen kleinen Haus, damals die Calle O\u00b4Reilly No.94, gr\u00fcndete Ignacio Larra\u00f1aga 1834 seine erste Zigarrenmanufaktur, in guter Lage in Havannas heutiger Altstadt.\" data-attachment-id=\"1868\" data-type=\"image\" class=\"fg-thumb\"><span class=\"fg-image-wrap\"><img decoding=\"async\" alt=\"En 1834, Ignacio Larra\u00f1aga fund\u00f3 su primera f\u00e1brica de cigarros en una de esas peque\u00f1as casas, entonces la calle O&#039;Reilly n\u00ba 94, en una buena ubicaci\u00f3n en lo que hoy es el centro hist\u00f3rico de La Habana.\" width=\"250\" height=\"288\" class=\"skip-lazy fg-image\" data-src-fg=\"https:\/\/origin-of-cigar.com\/wp-content\/uploads\/cache\/2025\/12\/OOC-Por-Larranaga-1-Reilly-1\/3942389734.jpg\" src=\"data:image\/svg+xml,%3Csvg%20xmlns%3D%22http%3A%2F%2Fwww.w3.org%2F2000%2Fsvg%22%20width%3D%22250%22%20height%3D%22288%22%20viewBox%3D%220%200%20250%20288%22%3E%3C%2Fsvg%3E\" loading=\"eager\"><\/span><span class=\"fg-image-overlay\"><\/span><\/a><figcaption class=\"fg-caption\"><div class=\"fg-caption-inner\"><div class=\"fg-caption-desc\">En 1834, Ignacio Larra\u00f1aga fund\u00f3 su primera f\u00e1brica de cigarros en una de esas peque\u00f1as casas, entonces la calle O'Reilly n\u00ba 94, en una buena ubicaci\u00f3n en lo que hoy es el centro hist\u00f3rico de La Habana.<\/div><\/div><\/figcaption><\/figure><div class=\"fg-loader\"><\/div><\/div><div class=\"fg-item fg-type-image fg-idle\"><figure class=\"fg-item-inner\"><a href=\"https:\/\/origin-of-cigar.com\/wp-content\/uploads\/2025\/12\/OOC-Por-Larranaga-2-Miguel-1.jpg\" data-caption-desc=\"Auf der Calle San Miguel No.58 fand sich ebenfalls eine Manufaktur der Marke Por Larra\u00f1aga, angemeldet auf den Namen Ambrosio Larra\u00f1aga.\" data-attachment-id=\"1869\" data-type=\"image\" class=\"fg-thumb\"><span class=\"fg-image-wrap\"><img decoding=\"async\" alt=\"Tambi\u00e9n hubo una f\u00e1brica de Por Larra\u00f1aga en la calle San Miguel n\u00ba 58, registrada con el nombre de Ambrosio Larra\u00f1aga.\" width=\"250\" height=\"166\" class=\"skip-lazy fg-image\" data-src-fg=\"https:\/\/origin-of-cigar.com\/wp-content\/uploads\/cache\/2025\/12\/OOC-Por-Larranaga-2-Miguel-1\/3035584949.jpg\" src=\"data:image\/svg+xml,%3Csvg%20xmlns%3D%22http%3A%2F%2Fwww.w3.org%2F2000%2Fsvg%22%20width%3D%22250%22%20height%3D%22166%22%20viewBox%3D%220%200%20250%20166%22%3E%3C%2Fsvg%3E\" loading=\"eager\"><\/span><span class=\"fg-image-overlay\"><\/span><\/a><figcaption class=\"fg-caption\"><div class=\"fg-caption-inner\"><div class=\"fg-caption-desc\">Tambi\u00e9n hubo una f\u00e1brica de Por Larra\u00f1aga en la calle San Miguel n\u00ba 58, registrada con el nombre de Ambrosio Larra\u00f1aga.<\/div><\/div><\/figcaption><\/figure><div class=\"fg-loader\"><\/div><\/div><div class=\"fg-item fg-type-image fg-idle\"><figure class=\"fg-item-inner\"><a href=\"https:\/\/origin-of-cigar.com\/wp-content\/uploads\/2025\/12\/OOC-Por-Larranaga-3-Bela-1.jpg\" data-caption-desc=\"1880 \u00fcbernahm Antonio Rivero die Marke Por Larra\u00f1aga , lie\u00df sie offiziell 1882 neu auf seinen Namen registrieren. Fortan wurden die Zigarren auf der Calle Belascoain No.2B gefertigt, das Nachbarhaus der sp\u00e4ter ber\u00fchmten Romeo y Julieta-Manufaktur (ganz rechts im Bild).\" data-attachment-id=\"1870\" data-type=\"image\" class=\"fg-thumb\"><span class=\"fg-image-wrap\"><img decoding=\"async\" alt=\"Antonio Rivero se hizo cargo de la marca Por Larra\u00f1aga en 1880 y la volvi\u00f3 a registrar oficialmente a su nombre en 1882. A partir de entonces, los cigarros se fabricaron en la calle Belascoain n\u00ba 2B, edificio vecino de la posteriormente famosa f\u00e1brica de Romeo y Julieta (extremo derecho de la imagen).\" width=\"250\" height=\"166\" class=\"skip-lazy fg-image\" data-src-fg=\"https:\/\/origin-of-cigar.com\/wp-content\/uploads\/cache\/2025\/12\/OOC-Por-Larranaga-3-Bela-1\/3831312059.jpg\" src=\"data:image\/svg+xml,%3Csvg%20xmlns%3D%22http%3A%2F%2Fwww.w3.org%2F2000%2Fsvg%22%20width%3D%22250%22%20height%3D%22166%22%20viewBox%3D%220%200%20250%20166%22%3E%3C%2Fsvg%3E\" loading=\"eager\"><\/span><span class=\"fg-image-overlay\"><\/span><\/a><figcaption class=\"fg-caption\"><div class=\"fg-caption-inner\"><div class=\"fg-caption-desc\">Antonio Rivero se hizo cargo de la marca Por Larra\u00f1aga en 1880 y la volvi\u00f3 a registrar oficialmente a su nombre en 1882. A partir de entonces, los cigarros se fabricaron en la calle Belascoain n\u00ba 2B, edificio vecino de la posteriormente famosa f\u00e1brica de Romeo y Julieta (extremo derecho de la imagen).<\/div><\/div><\/figcaption><\/figure><div class=\"fg-loader\"><\/div><\/div><div class=\"fg-item fg-type-image fg-idle\"><figure class=\"fg-item-inner\"><a href=\"https:\/\/origin-of-cigar.com\/wp-content\/uploads\/2025\/12\/OOC-Por-Larranaga-3-Bela-2.jpg\" data-caption-desc=\"Dieses Foto zeigt Antonio Rivero in seinem luxuri\u00f6sen B\u00fcro in der Manufaktur Por Larra\u00f1aga auf der Calle Belascoain No.2B. Auch er, wie seine Frau (sp\u00e4ter Witwe) Antonia Lopez, f\u00fchrten die Marke mit \u00fcberw\u00e4ltigendem Erfolg.\" data-attachment-id=\"1871\" data-type=\"image\" class=\"fg-thumb\"><span class=\"fg-image-wrap\"><img decoding=\"async\" alt=\"Esta foto muestra a Antonio Rivero en su lujoso despacho de la f\u00e1brica Por Larra\u00f1aga, en la calle Belascoain n\u00ba 2B. \u00c9l, al igual que su esposa (m\u00e1s tarde viuda) Antonia L\u00f3pez, dirigi\u00f3 la marca con un \u00e9xito arrollador.\" width=\"250\" height=\"344\" class=\"skip-lazy fg-image\" data-src-fg=\"https:\/\/origin-of-cigar.com\/wp-content\/uploads\/cache\/2025\/12\/OOC-Por-Larranaga-3-Bela-2\/2629607050.jpg\" src=\"data:image\/svg+xml,%3Csvg%20xmlns%3D%22http%3A%2F%2Fwww.w3.org%2F2000%2Fsvg%22%20width%3D%22250%22%20height%3D%22344%22%20viewBox%3D%220%200%20250%20344%22%3E%3C%2Fsvg%3E\" loading=\"eager\"><\/span><span class=\"fg-image-overlay\"><\/span><\/a><figcaption class=\"fg-caption\"><div class=\"fg-caption-inner\"><div class=\"fg-caption-desc\">Esta foto muestra a Antonio Rivero en su lujoso despacho de la f\u00e1brica Por Larra\u00f1aga, en la calle Belascoain n\u00ba 2B. \u00c9l, al igual que su esposa (m\u00e1s tarde viuda) Antonia L\u00f3pez, dirigi\u00f3 la marca con un \u00e9xito arrollador.<\/div><\/div><\/figcaption><\/figure><div class=\"fg-loader\"><\/div><\/div><div class=\"fg-item fg-type-image fg-idle\"><figure class=\"fg-item-inner\"><a href=\"https:\/\/origin-of-cigar.com\/wp-content\/uploads\/2025\/12\/OOC-Por-Larranaga-4-Carlos-1.jpg\" data-caption-desc=\"Die wohl ber\u00fchmteste Manufaktur der Marke Por Larra\u00f1aga auf der Calle Carlos III No. 713 (fr\u00fcher 225). Das Geb\u00e4ude ist auch heute noch erhalten.\" data-attachment-id=\"1872\" data-type=\"image\" class=\"fg-thumb\"><span class=\"fg-image-wrap\"><img decoding=\"async\" alt=\"Probablemente la f\u00e1brica m\u00e1s famosa de la marca Por Larra\u00f1aga, en la calle Carlos III n\u00ba 713 (antiguo 225). El edificio sigue en pie en la actualidad.\" width=\"250\" height=\"166\" class=\"skip-lazy fg-image\" data-src-fg=\"https:\/\/origin-of-cigar.com\/wp-content\/uploads\/cache\/2025\/12\/OOC-Por-Larranaga-4-Carlos-1\/3792831730.jpg\" src=\"data:image\/svg+xml,%3Csvg%20xmlns%3D%22http%3A%2F%2Fwww.w3.org%2F2000%2Fsvg%22%20width%3D%22250%22%20height%3D%22166%22%20viewBox%3D%220%200%20250%20166%22%3E%3C%2Fsvg%3E\" loading=\"eager\"><\/span><span class=\"fg-image-overlay\"><\/span><\/a><figcaption class=\"fg-caption\"><div class=\"fg-caption-inner\"><div class=\"fg-caption-desc\">Probablemente la f\u00e1brica m\u00e1s famosa de la marca Por Larra\u00f1aga, en la calle Carlos III n\u00ba 713 (antiguo 225). El edificio sigue en pie en la actualidad.<\/div><\/div><\/figcaption><\/figure><div class=\"fg-loader\"><\/div><\/div><div class=\"fg-item fg-type-image fg-idle\"><figure class=\"fg-item-inner\"><a href=\"https:\/\/origin-of-cigar.com\/wp-content\/uploads\/2025\/12\/OOC-Por-Larranaga-4-Carlos-2.jpg\" data-caption-desc=\"An der T\u00fcr der Manufaktur Por Larra\u00f1aga befand sie ein Anschlag, der das Jahr der Gr\u00fcndung der Marke auswies: 1834.\" data-attachment-id=\"1873\" data-type=\"image\" class=\"fg-thumb\"><span class=\"fg-image-wrap\"><img decoding=\"async\" alt=\"En la puerta de la f\u00e1brica Por Larra\u00f1aga hab\u00eda un cartel que indicaba el a\u00f1o de fundaci\u00f3n de la marca: 1834.\" width=\"250\" height=\"106\" class=\"skip-lazy fg-image\" data-src-fg=\"https:\/\/origin-of-cigar.com\/wp-content\/uploads\/cache\/2025\/12\/OOC-Por-Larranaga-4-Carlos-2\/2325116109.jpg\" src=\"data:image\/svg+xml,%3Csvg%20xmlns%3D%22http%3A%2F%2Fwww.w3.org%2F2000%2Fsvg%22%20width%3D%22250%22%20height%3D%22106%22%20viewBox%3D%220%200%20250%20106%22%3E%3C%2Fsvg%3E\" loading=\"eager\"><\/span><span class=\"fg-image-overlay\"><\/span><\/a><figcaption class=\"fg-caption\"><div class=\"fg-caption-inner\"><div class=\"fg-caption-desc\">En la puerta de la f\u00e1brica Por Larra\u00f1aga hab\u00eda un cartel que indicaba el a\u00f1o de fundaci\u00f3n de la marca: 1834.<\/div><\/div><\/figcaption><\/figure><div class=\"fg-loader\"><\/div><\/div><div class=\"fg-item fg-type-image fg-idle\"><figure class=\"fg-item-inner\"><a href=\"https:\/\/origin-of-cigar.com\/wp-content\/uploads\/2025\/12\/OOC-Por-Larranaga-4-Carlos-3.jpg\" data-caption-desc=\"Hinter dieser massiven Holzt\u00fcr wurden die Zigarren der Marke Por Larra\u00f1aga gefertigt.\" data-attachment-id=\"1874\" data-type=\"image\" class=\"fg-thumb\"><span class=\"fg-image-wrap\"><img decoding=\"async\" alt=\"Detr\u00e1s de esta puerta de madera maciza se elaboraban los puros de la marca Por Larra\u00f1aga.\" width=\"250\" height=\"376\" class=\"skip-lazy fg-image\" data-src-fg=\"https:\/\/origin-of-cigar.com\/wp-content\/uploads\/cache\/2025\/12\/OOC-Por-Larranaga-4-Carlos-3\/2577348996.jpg\" src=\"data:image\/svg+xml,%3Csvg%20xmlns%3D%22http%3A%2F%2Fwww.w3.org%2F2000%2Fsvg%22%20width%3D%22250%22%20height%3D%22376%22%20viewBox%3D%220%200%20250%20376%22%3E%3C%2Fsvg%3E\" loading=\"eager\"><\/span><span class=\"fg-image-overlay\"><\/span><\/a><figcaption class=\"fg-caption\"><div class=\"fg-caption-inner\"><div class=\"fg-caption-desc\">Detr\u00e1s de esta puerta de madera maciza se elaboraban los puros de la marca Por Larra\u00f1aga.<\/div><\/div><\/figcaption><\/figure><div class=\"fg-loader\"><\/div><\/div><div class=\"fg-item fg-type-image fg-idle\"><figure class=\"fg-item-inner\"><a href=\"https:\/\/origin-of-cigar.com\/wp-content\/uploads\/2025\/12\/OOC-Por-Larranaga-4-Carlos-4.jpg\" data-caption-desc=\"Dieses Schild befindet sich am Giebel der ehemaligen Manufaktur Por Larra\u00f1aga. Mit guten Augen ist der Schriftzug der Marke noch zu erkennen.\" data-attachment-id=\"1875\" data-type=\"image\" class=\"fg-thumb\"><span class=\"fg-image-wrap\"><img decoding=\"async\" alt=\"Este r\u00f3tulo se encuentra en el front\u00f3n de la antigua f\u00e1brica Por Larra\u00f1aga. Con buen ojo, a\u00fan se pueden reconocer las letras de la marca.\" width=\"250\" height=\"166\" class=\"skip-lazy fg-image\" data-src-fg=\"https:\/\/origin-of-cigar.com\/wp-content\/uploads\/cache\/2025\/12\/OOC-Por-Larranaga-4-Carlos-4\/1968260929.jpg\" src=\"data:image\/svg+xml,%3Csvg%20xmlns%3D%22http%3A%2F%2Fwww.w3.org%2F2000%2Fsvg%22%20width%3D%22250%22%20height%3D%22166%22%20viewBox%3D%220%200%20250%20166%22%3E%3C%2Fsvg%3E\" loading=\"eager\"><\/span><span class=\"fg-image-overlay\"><\/span><\/a><figcaption class=\"fg-caption\"><div class=\"fg-caption-inner\"><div class=\"fg-caption-desc\">Este r\u00f3tulo se encuentra en el front\u00f3n de la antigua f\u00e1brica Por Larra\u00f1aga. Con buen ojo, a\u00fan se pueden reconocer las letras de la marca.<\/div><\/div><\/figcaption><\/figure><div class=\"fg-loader\"><\/div><\/div><div class=\"fg-item fg-type-image fg-idle\"><figure class=\"fg-item-inner\"><a href=\"https:\/\/origin-of-cigar.com\/wp-content\/uploads\/2025\/12\/OOC-Por-Larranaga-4-Carlos-5.jpg\" data-caption-desc=\"Die Manufaktur Por Larra\u00f1aga befindet sich auf der Calle Carlos III (heute Salvador Allende) an der Ecke zur Calle Arbol Seco. Diese Grenzsteine an den Kreuzungen fungieren in Havanna in vielen Stadtteilen als Stra\u00dfenschilder.\" data-attachment-id=\"1876\" data-type=\"image\" class=\"fg-thumb\"><span class=\"fg-image-wrap\"><img decoding=\"async\" alt=\"La f\u00e1brica Por Larra\u00f1aga est\u00e1 situada en la calle Carlos III (actual Salvador Allende), esquina con la calle \u00c1rbol Seco. Estos mojones en los cruces hacen las veces de se\u00f1ales de tr\u00e1fico en muchos barrios de La Habana.\" width=\"250\" height=\"188\" class=\"skip-lazy fg-image\" data-src-fg=\"https:\/\/origin-of-cigar.com\/wp-content\/uploads\/cache\/2025\/12\/OOC-Por-Larranaga-4-Carlos-5\/1217911290.jpg\" src=\"data:image\/svg+xml,%3Csvg%20xmlns%3D%22http%3A%2F%2Fwww.w3.org%2F2000%2Fsvg%22%20width%3D%22250%22%20height%3D%22188%22%20viewBox%3D%220%200%20250%20188%22%3E%3C%2Fsvg%3E\" loading=\"eager\"><\/span><span class=\"fg-image-overlay\"><\/span><\/a><figcaption class=\"fg-caption\"><div class=\"fg-caption-inner\"><div class=\"fg-caption-desc\">La f\u00e1brica Por Larra\u00f1aga est\u00e1 situada en la calle Carlos III (actual Salvador Allende), esquina con la calle \u00c1rbol Seco. Estos mojones en los cruces hacen las veces de se\u00f1ales de tr\u00e1fico en muchos barrios de La Habana.<\/div><\/div><\/figcaption><\/figure><div class=\"fg-loader\"><\/div><\/div><div class=\"fg-item fg-type-image fg-idle\"><figure class=\"fg-item-inner\"><a href=\"https:\/\/origin-of-cigar.com\/wp-content\/uploads\/2025\/12\/OOC-Por-Larranaga-4-Carlos-6.jpg\" data-caption-desc=\"Das Geb\u00e4ude der ehemaligen Manufaktur Por Larra\u00f1aga ist seit 2012 komplett saniert worden. Jetzt erstrahlt es in einem zarten Rosa. Ob dies auch die Farbe ist, die das Geb\u00e4ude fr\u00fcher hatte, ist nicht bekannt. Auf den vorhandenen Schwarz-Wei\u00df-Fotos ist dies nicht zu erkennen.\" data-attachment-id=\"1877\" data-type=\"image\" class=\"fg-thumb\"><span class=\"fg-image-wrap\"><img decoding=\"async\" alt=\"El edificio de la antigua f\u00e1brica Por Larra\u00f1aga ha sido completamente renovado desde 2012. Ahora luce un suave color rosa. No se sabe si este es el color que ten\u00eda antes el edificio. Las fotos en blanco y negro no lo muestran.\" width=\"250\" height=\"188\" class=\"skip-lazy fg-image\" data-src-fg=\"https:\/\/origin-of-cigar.com\/wp-content\/uploads\/cache\/2025\/12\/OOC-Por-Larranaga-4-Carlos-6\/538159557.jpg\" src=\"data:image\/svg+xml,%3Csvg%20xmlns%3D%22http%3A%2F%2Fwww.w3.org%2F2000%2Fsvg%22%20width%3D%22250%22%20height%3D%22188%22%20viewBox%3D%220%200%20250%20188%22%3E%3C%2Fsvg%3E\" loading=\"eager\"><\/span><span class=\"fg-image-overlay\"><\/span><\/a><figcaption class=\"fg-caption\"><div class=\"fg-caption-inner\"><div class=\"fg-caption-desc\">El edificio de la antigua f\u00e1brica Por Larra\u00f1aga ha sido completamente renovado desde 2012. Ahora luce un suave color rosa. No se sabe si este es el color que ten\u00eda antes el edificio. Las fotos en blanco y negro no lo muestran.<\/div><\/div><\/figcaption><\/figure><div class=\"fg-loader\"><\/div><\/div><div class=\"fg-item fg-type-image fg-idle\"><figure class=\"fg-item-inner\"><a href=\"https:\/\/origin-of-cigar.com\/wp-content\/uploads\/2025\/12\/OOC-Por-Larranaga-4-Carlos-7.jpg\" data-caption-desc=\"Auch der Giebel der ehemaligen Manufaktur Por Larra\u00f1aga ist restauriert. Die wahrscheinlich Originalplatte, die schon in der ersten Manufaktur gehangen hat und den Schriftzug der Marke und einen Zweig darunter tr\u00e4gt, befindet sich immer noch am Giebel. Leider ist es nur noch schwer lesbar.\" data-attachment-id=\"1878\" data-type=\"image\" class=\"fg-thumb\"><span class=\"fg-image-wrap\"><img decoding=\"async\" alt=\"Tambi\u00e9n se ha restaurado el front\u00f3n de la antigua f\u00e1brica Por Larra\u00f1aga. En el front\u00f3n se conserva la placa, probablemente original, que ya colgaba en la primera f\u00e1brica y que lleva las letras de la marca y una rama debajo. Lamentablemente, es dif\u00edcil de leer.\" width=\"250\" height=\"188\" class=\"skip-lazy fg-image\" data-src-fg=\"https:\/\/origin-of-cigar.com\/wp-content\/uploads\/cache\/2025\/12\/OOC-Por-Larranaga-4-Carlos-7\/1854227304.jpg\" src=\"data:image\/svg+xml,%3Csvg%20xmlns%3D%22http%3A%2F%2Fwww.w3.org%2F2000%2Fsvg%22%20width%3D%22250%22%20height%3D%22188%22%20viewBox%3D%220%200%20250%20188%22%3E%3C%2Fsvg%3E\" loading=\"eager\"><\/span><span class=\"fg-image-overlay\"><\/span><\/a><figcaption class=\"fg-caption\"><div class=\"fg-caption-inner\"><div class=\"fg-caption-desc\">Tambi\u00e9n se ha restaurado el front\u00f3n de la antigua f\u00e1brica Por Larra\u00f1aga. En el front\u00f3n se conserva la placa, probablemente original, que ya colgaba en la primera f\u00e1brica y que lleva las letras de la marca y una rama debajo. Lamentablemente, es dif\u00edcil de leer.<\/div><\/div><\/figcaption><\/figure><div class=\"fg-loader\"><\/div><\/div><div class=\"fg-item fg-type-image fg-idle\"><figure class=\"fg-item-inner\"><a href=\"https:\/\/origin-of-cigar.com\/wp-content\/uploads\/2025\/12\/OOC-Por-Larranaga-4-Carlos-8.jpg\" data-caption-desc=\"Auch die T\u00fcr der ehemaligen Manufaktur Por Larra\u00f1aga wurde neu gestrichen. Leider ist die Aufschrift \u201eEstablecida 1834\u201c, Gegr\u00fcndet 1834, nicht mehr vorhanden.\" data-attachment-id=\"1879\" data-type=\"image\" class=\"fg-thumb\"><span class=\"fg-image-wrap\"><img decoding=\"async\" alt=\"La puerta de la antigua f\u00e1brica Por Larra\u00f1aga tambi\u00e9n ha sido repintada. Desgraciadamente, la inscripci\u00f3n \u201eEstablecida 1834\u201c, fundada en 1834, ya no est\u00e1.\" width=\"250\" height=\"333\" class=\"skip-lazy fg-image\" data-src-fg=\"https:\/\/origin-of-cigar.com\/wp-content\/uploads\/cache\/2025\/12\/OOC-Por-Larranaga-4-Carlos-8\/1370367512.jpg\" src=\"data:image\/svg+xml,%3Csvg%20xmlns%3D%22http%3A%2F%2Fwww.w3.org%2F2000%2Fsvg%22%20width%3D%22250%22%20height%3D%22333%22%20viewBox%3D%220%200%20250%20333%22%3E%3C%2Fsvg%3E\" loading=\"eager\"><\/span><span class=\"fg-image-overlay\"><\/span><\/a><figcaption class=\"fg-caption\"><div class=\"fg-caption-inner\"><div class=\"fg-caption-desc\">La puerta de la antigua f\u00e1brica Por Larra\u00f1aga tambi\u00e9n ha sido repintada. Desgraciadamente, la inscripci\u00f3n \u201eEstablecida 1834\u201c, fundada en 1834, ya no est\u00e1.<\/div><\/div><\/figcaption><\/figure><div class=\"fg-loader\"><\/div><\/div><div class=\"fg-item fg-type-image fg-idle\"><figure class=\"fg-item-inner\"><a href=\"https:\/\/origin-of-cigar.com\/wp-content\/uploads\/2025\/12\/OOC-Por-Larranaga-4-Carlos-9.jpg\" data-caption-desc=\"Hier ein historisches Foto der ehemaligen Manufaktur Por Larra\u00f1aga auf der Carlos III in Havanna.\" data-attachment-id=\"1880\" data-type=\"image\" class=\"fg-thumb\"><span class=\"fg-image-wrap\"><img decoding=\"async\" alt=\"He aqu\u00ed una foto hist\u00f3rica de la antigua f\u00e1brica Por Larra\u00f1aga en la Carlos III de La Habana.\" width=\"250\" height=\"192\" class=\"skip-lazy fg-image\" data-src-fg=\"https:\/\/origin-of-cigar.com\/wp-content\/uploads\/cache\/2025\/12\/OOC-Por-Larranaga-4-Carlos-9\/2579671874.jpg\" src=\"data:image\/svg+xml,%3Csvg%20xmlns%3D%22http%3A%2F%2Fwww.w3.org%2F2000%2Fsvg%22%20width%3D%22250%22%20height%3D%22192%22%20viewBox%3D%220%200%20250%20192%22%3E%3C%2Fsvg%3E\" loading=\"eager\"><\/span><span class=\"fg-image-overlay\"><\/span><\/a><figcaption class=\"fg-caption\"><div class=\"fg-caption-inner\"><div class=\"fg-caption-desc\">He aqu\u00ed una foto hist\u00f3rica de la antigua f\u00e1brica Por Larra\u00f1aga en la Carlos III de La Habana.<\/div><\/div><\/figcaption><\/figure><div class=\"fg-loader\"><\/div><\/div><\/div>\n\n\n\n<div style=\"height:40px\" aria-hidden=\"true\" class=\"wp-block-spacer\"><\/div>\n\n\n\n<h2 class=\"wp-block-heading\" id=\"quellenangaben\">Referencias<\/h2>\n\n\n\n<ul class=\"wp-block-list\">\n<li>Min Ron Nee:\n<ul class=\"wp-block-list\">\n<li><strong>\"ENCICLOPEDIA ILUSTRADA DE LOS PUROS HABANOS DESPU\u00c9S DE LA REVOLUCI\u00d3N\"<\/strong> \/ Hong Kong 2003, ISBN: 978-3980930826<\/li>\n<\/ul>\n<\/li>\n<\/ul>\n\n\n\n<p><\/p>\n\n\n\n<ul class=\"wp-block-list\">\n<li>Instituto de Investigaciones del Tabaco Cuba:\n<ul class=\"wp-block-list\">\n<li><strong>\"El mundo de los Habanos\"<\/strong> \/ La Habana 2013, ISBN: 978-959-7212-08-9<\/li>\n<\/ul>\n<\/li>\n<\/ul>\n\n\n\n<p><\/p>\n\n\n\n<ul class=\"wp-block-list\">\n<li>Adriano Mart\u00ednez Rius:\n<ul class=\"wp-block-list\">\n<li><strong>\"Habano el Rey\"<\/strong> \/ Barcelona 1998, ISBN: 84-930387-1-7<\/li>\n<\/ul>\n<\/li>\n<\/ul>\n\n\n\n<p><\/p>\n\n\n\n<ul class=\"wp-block-list\">\n<li>Adriano Mart\u00ednez Rius:\n<ul class=\"wp-block-list\">\n<li><strong>\"Las grandes f\u00e1bricas de habanos\"<\/strong> \/ Barcelona 2005, ISBN: 84-609-4024-1<\/li>\n<\/ul>\n<\/li>\n<\/ul>\n\n\n\n<p><\/p>\n\n\n\n<ul class=\"wp-block-list\">\n<li>Orlando Quiroga:\n<ul class=\"wp-block-list\">\n<li><strong>\"El Habano al rojo vivo\"<\/strong> \/ La Habana 2002<\/li>\n<\/ul>\n<\/li>\n<\/ul>\n\n\n\n<p><\/p>\n\n\n\n<ul class=\"wp-block-list\">\n<li>Enzo A. Infante:\n<ul class=\"wp-block-list\">\n<li><strong>\"Cigarros habanos 1817-1960\"<\/strong> \/ Neptune City 1997<\/li>\n<\/ul>\n<\/li>\n<\/ul>\n\n\n\n<p><\/p>\n\n\n\n<ul class=\"wp-block-list\">\n<li>Eumelio Espino:\n<ul class=\"wp-block-list\">\n<li><strong>\"El Habano - De la semilla al puro en 539 pasos\"<\/strong> \/ Madrid 2019, ISBN: 978-84-09-07091-6<\/li>\n<\/ul>\n<\/li>\n<\/ul>\n\n\n\n<p><\/p>\n\n\n\n<ul class=\"wp-block-list\">\n<li>Alexander Groom:\n<ul class=\"wp-block-list\">\n<li><strong>\"El Habano Moderno\"<\/strong> \/ Helios House Press 2022, ISBN: 978-911683-05-6<\/li>\n<\/ul>\n<\/li>\n<\/ul>\n\n\n\n<hr class=\"wp-block-separator has-text-color has-alpha-channel-opacity has-background\" style=\"background-color:#a4682f;color:#a4682f\"\/>\n\n\n\n<p>Se encuentra usted aqu\u00ed:<\/p>\n\n\n\n<nav aria-label=\"pan rallado\" class=\"rank-math-breadcrumb\"><p><span class=\"last\">Inicio<\/span><\/p><\/nav>\n\n\n\n<hr class=\"wp-block-separator has-text-color has-alpha-channel-opacity has-background\" style=\"background-color:#a4682f;color:#a4682f\"\/>","protected":false},"excerpt":{"rendered":"<p>Historia de Por Larra\u00f1aga: Esta marca es uno de los Habanos m\u00e1s antiguos de la historia -fundada en 1834, primer domicilio social Calle O'Reilly 94 en Habana Vieja- y...<\/p>","protected":false},"author":4,"featured_media":2049,"comment_status":"closed","ping_status":"open","sticky":false,"template":"","format":"standard","meta":{"om_disable_all_campaigns":false,"_glsr_average":0,"_glsr_ranking":0,"_glsr_reviews":0,"_jetpack_memberships_contains_paid_content":false,"footnotes":""},"categories":[81,80],"tags":[51,52,82],"class_list":["post-1882","post","type-post","status-publish","format-standard","has-post-thumbnail","hentry","category-kuba-zigarren-marken","category-history-kuba-serie","tag-history","tag-marken","tag-por-larranaga"],"jetpack_featured_media_url":"https:\/\/origin-of-cigar.com\/wp-content\/uploads\/2025\/12\/Por-Larranaga.png","jetpack_sharing_enabled":true,"_links":{"self":[{"href":"https:\/\/origin-of-cigar.com\/es\/wp-json\/wp\/v2\/posts\/1882","targetHints":{"allow":["GET"]}}],"collection":[{"href":"https:\/\/origin-of-cigar.com\/es\/wp-json\/wp\/v2\/posts"}],"about":[{"href":"https:\/\/origin-of-cigar.com\/es\/wp-json\/wp\/v2\/types\/post"}],"author":[{"embeddable":true,"href":"https:\/\/origin-of-cigar.com\/es\/wp-json\/wp\/v2\/users\/4"}],"replies":[{"embeddable":true,"href":"https:\/\/origin-of-cigar.com\/es\/wp-json\/wp\/v2\/comments?post=1882"}],"version-history":[{"count":18,"href":"https:\/\/origin-of-cigar.com\/es\/wp-json\/wp\/v2\/posts\/1882\/revisions"}],"predecessor-version":[{"id":2538,"href":"https:\/\/origin-of-cigar.com\/es\/wp-json\/wp\/v2\/posts\/1882\/revisions\/2538"}],"wp:featuredmedia":[{"embeddable":true,"href":"https:\/\/origin-of-cigar.com\/es\/wp-json\/wp\/v2\/media\/2049"}],"wp:attachment":[{"href":"https:\/\/origin-of-cigar.com\/es\/wp-json\/wp\/v2\/media?parent=1882"}],"wp:term":[{"taxonomy":"category","embeddable":true,"href":"https:\/\/origin-of-cigar.com\/es\/wp-json\/wp\/v2\/categories?post=1882"},{"taxonomy":"post_tag","embeddable":true,"href":"https:\/\/origin-of-cigar.com\/es\/wp-json\/wp\/v2\/tags?post=1882"}],"curies":[{"name":"wp","href":"https:\/\/api.w.org\/{rel}","templated":true}]}}